{"id":591,"date":"2011-01-18T17:08:44","date_gmt":"2011-01-18T16:08:44","guid":{"rendered":"http:\/\/www.jeancharlespichon.com\/wp\/?p=591"},"modified":"2011-03-15T16:43:06","modified_gmt":"2011-03-15T15:43:06","slug":"la-resistance","status":"publish","type":"post","link":"https:\/\/www.jeancharlespichon.com\/wp\/?p=591","title":{"rendered":"R\u00e9sistances"},"content":{"rendered":"<p>Jean-Paul Debenat a retrouv\u00e9 une brochure, \u00e9dit\u00e9e en 1945 par <span style=\"text-decoration: underline;\">Le Patriote de l&rsquo;Ouest<\/span>. Jean-Charles Pichon y retranscrit le t\u00e9moignage du Commandant P\u00e9tri, une figure de la R\u00e9sistance en Ille et Vilaine.<\/p>\n<p>En voici un extrait, suivi d&rsquo;une nouvelle \u00e9crite en 1945.<\/p>\n<p style=\"text-align: center;\">&nbsp;<\/p>\n<div id=\"attachment_592\" style=\"width: 436px\" class=\"wp-caption aligncenter\"><a href=\"http:\/\/www.jeancharlespichon.com\/wp\/wp-content\/uploads\/2011\/01\/MAQUIS001.jpg\"><img loading=\"lazy\" decoding=\"async\" aria-describedby=\"caption-attachment-592\" class=\"size-full wp-image-592\" title=\"MAQUIS001\" src=\"http:\/\/www.jeancharlespichon.com\/wp\/wp-content\/uploads\/2011\/01\/MAQUIS001.jpg\" alt=\"\" width=\"426\" height=\"626\" srcset=\"https:\/\/www.jeancharlespichon.com\/wp\/wp-content\/uploads\/2011\/01\/MAQUIS001.jpg 426w, https:\/\/www.jeancharlespichon.com\/wp\/wp-content\/uploads\/2011\/01\/MAQUIS001-204x300.jpg 204w\" sizes=\"auto, (max-width: 426px) 100vw, 426px\" \/><\/a><p id=\"caption-attachment-592\" class=\"wp-caption-text\">Couverture<\/p><\/div>\n<p style=\"text-align: center;\">&nbsp;<\/p>\n<p style=\"text-align: center;\"><a href=\"http:\/\/www.jeancharlespichon.com\/wp\/wp-content\/uploads\/2011\/01\/MAQUIS002.jpg\"><img loading=\"lazy\" decoding=\"async\" class=\"aligncenter size-full wp-image-593\" title=\"MAQUIS002\" src=\"http:\/\/www.jeancharlespichon.com\/wp\/wp-content\/uploads\/2011\/01\/MAQUIS002.jpg\" alt=\"\" width=\"555\" height=\"447\" srcset=\"https:\/\/www.jeancharlespichon.com\/wp\/wp-content\/uploads\/2011\/01\/MAQUIS002.jpg 555w, https:\/\/www.jeancharlespichon.com\/wp\/wp-content\/uploads\/2011\/01\/MAQUIS002-300x241.jpg 300w\" sizes=\"auto, (max-width: 555px) 100vw, 555px\" \/><\/a><\/p>\n<p style=\"text-align: center;\"><a href=\"http:\/\/www.jeancharlespichon.com\/wp\/wp-content\/uploads\/2011\/01\/MAQUIS003.jpg\"><\/a><a href=\"http:\/\/www.jeancharlespichon.com\/wp\/wp-content\/uploads\/2011\/01\/MAQUIS003.jpg\"><img loading=\"lazy\" decoding=\"async\" class=\"aligncenter size-medium wp-image-594\" title=\"MAQUIS003\" src=\"http:\/\/www.jeancharlespichon.com\/wp\/wp-content\/uploads\/2011\/01\/MAQUIS003-169x300.jpg\" alt=\"\" width=\"169\" height=\"300\" \/><\/a><\/p>\n<p style=\"text-align: center;\">&nbsp;<\/p>\n<p style=\"text-align: justify;\"><a href=\"http:\/\/www.jeancharlespichon.com\/wp\/wp-content\/uploads\/2011\/01\/MAQUIS004.jpg\"><img loading=\"lazy\" decoding=\"async\" class=\"aligncenter size-full wp-image-595\" title=\"MAQUIS004\" src=\"http:\/\/www.jeancharlespichon.com\/wp\/wp-content\/uploads\/2011\/01\/MAQUIS004.jpg\" alt=\"\" width=\"1031\" height=\"919\" srcset=\"https:\/\/www.jeancharlespichon.com\/wp\/wp-content\/uploads\/2011\/01\/MAQUIS004.jpg 1031w, https:\/\/www.jeancharlespichon.com\/wp\/wp-content\/uploads\/2011\/01\/MAQUIS004-300x267.jpg 300w, https:\/\/www.jeancharlespichon.com\/wp\/wp-content\/uploads\/2011\/01\/MAQUIS004-1024x912.jpg 1024w\" sizes=\"auto, (max-width: 1031px) 100vw, 1031px\" \/><\/a><\/p>\n<p style=\"text-align: justify;\">&#8211; <em>De quand date votre entr\u00e9e dans la R\u00e9sistance?<\/em><\/p>\n<p style=\"text-align: justify;\">&#8211; Je pourrais dire : d&rsquo;avant la R\u00e9sistance. J&rsquo;\u00e9tais rentr\u00e9 en janvier 42 de Toulon, r\u00e9form\u00e9 pour cause de sant\u00e9. Le responsable de Foug\u00e8res, Edouard Genouel, m&rsquo;envoya, d\u00e8s mon retour, un agent qui devait prendre liaison avec moi. J&rsquo;\u00e9tais absolument hors course et presque (il sourit \u00e0 ce souvenir) anti-Anglais. Je ne r\u00e9alisai la situation que peu \u00e0 peu. Enfin, vers la mi-mars, eut lieu mon premier rendez-vous. Pr\u00e9texte de mes voyages \u00e0 Foug\u00e8res : le ravitaillement. D&rsquo;aucuns ont d\u00fb me prendre pour un vil trafiquant de march\u00e9 noir.<\/p>\n<p style=\"text-align: justify;\">&#8211; <em>Quelles furent vos premi\u00e8res consignes?<\/em><\/p>\n<p style=\"text-align: justify;\">&#8211; Rep\u00eacher les gars et distribuer des tracts de propagande.<\/p>\n<p style=\"text-align: justify;\">&#8211; <em>Besogne facile.<\/em><\/p>\n<p style=\"text-align: justify;\">&#8211; On le croirait aujourd&rsquo;hui. Mais il faut se replacer dans l&rsquo;ambiance d&rsquo;alors. Lorsque du bout de l&rsquo;avenue vient vers vous un Allemand, quelle \u00e9motion de jeter un simple tract dans une bo\u00eete \u00e0 lettres! Je m&rsquo;occupai aussi d\u00e8s cette \u00e9poque de cr\u00e9er un premier groupe et, sur l&rsquo;ordre que j&rsquo;en avais re\u00e7u, de r\u00e9cup\u00e9rer des explosifs. Gr\u00e2ce \u00e0 la complicit\u00e9 d&rsquo;ouvriers qui travaillaient dans les carri\u00e8res, nous p\u00fbmes nous procurer de la cheddite par petits paquets, du cordon Bickford et des d\u00e9tonateurs. Je camouflais cela dans mon grenier sous les soupentes. Un petit gars de Foug\u00e8res, Zidro, assurait le transport.<\/p>\n<p style=\"text-align: justify;\">&#8211; <em>Quel \u00e2ge avait-il?<\/em><\/p>\n<p style=\"text-align: justify;\">&#8211; Quinze ans. Un gosse. On ne se m\u00e9fiait pas. Du Tertre Alix, en Louvign\u00e9, jusqu&rsquo;\u00e0 Foug\u00e8res, il p\u00e9dalait sans regarder derri\u00e8re lui sur son v\u00e9lo de courses. Un tr\u00e8s beau v\u00e9lo dont la pompe ou la pile \u00e9lectrique contenait au retour des messages pour moi.<\/p>\n<p style=\"text-align: justify;\">En avril, je re\u00e7us l&rsquo;ordre formel de r\u00e9cup\u00e9rer une grosse quantit\u00e9 d&rsquo;explosifs. Rennes m&rsquo;envoya Fourrier Maurice et Le Bitou Yves. Le Bitou ayant \u00e9t\u00e9 victime d&rsquo;un accident, Fourrier arriva seul le soir, vers neuf heures. Nous part\u00eemes au d\u00e9but de la nuit.<\/p>\n<p style=\"text-align: justify;\">&#8211; <em>Vos parents n&rsquo;\u00e9taient pas inquiets?<\/em><\/p>\n<p style=\"text-align: justify;\">&#8211; Ils ne se doutaient de rien, s&rsquo;effrayaient tout au plus de mes trop fr\u00e9quentes promenades \u00e0 bicyclette qui leur semblaient dangereuses pour mon \u00e9tat de sant\u00e9. La poudri\u00e8re du Mont-Louvier \u00e9tait une petite maison de pierre dans une carri\u00e8re blanche sous la lune. La porte forc\u00e9e avec une pince-monseigneur et les caisses sorties, nous les transport\u00e2mes \u00e0 un kilom\u00e8tre de la poudri\u00e8re o\u00f9 des branchages les camoufl\u00e8rent.<\/p>\n<p style=\"text-align: justify;\">De retour vers une heure du matin, Fourrier resta dormir quelques heures dans ma chambre et repartit avant l&rsquo;aube sans que mes parents n&rsquo;aient m\u00eame devin\u00e9 la pr\u00e9sence d&rsquo;un h\u00f4te.<\/p>\n<p style=\"text-align: justify;\">&#8211;<em> Et les explosifs que sont-ils devenus?<\/em><\/p>\n<p style=\"text-align: justify;\">&#8211; Ils ont servi et plus d&rsquo;une fois, comme vous le pensez bien. En d\u00e9cembre\u2026<\/p>\n<p style=\"text-align: justify;\">&#8211; <em>Mais jusqu&rsquo;\u00e0 la fin de l&rsquo;ann\u00e9e 42?<\/em><\/p>\n<p style=\"text-align: justify;\">&#8211; Oh! rien d&rsquo;important, j&rsquo;assurais le ravitaillement des responsables. A la suite de leurs arrestations survenues en septembre, j&rsquo;ai perdu le contact pendant quelques semaines.<\/p>\n<p style=\"text-align: justify;\">Ce qu&rsquo;il ne dit pas, c&rsquo;est que ces arrestations, auxquelles il n&rsquo;\u00e9chappa que de justesse, avaient \u00e9t\u00e9 provoqu\u00e9es par une s\u00e9rie d&rsquo;attentats sensationnels : l&rsquo;incendie des camions allemands \u00e0 Bourg-des- Comptes le 15 avril, le sabotage des pyl\u00f4nes \u00e9lectriques de Grandchamp-des-Fontaines en mai et du transformateur \u00e9lectrique de l&rsquo;arm\u00e9e allemande \u00e0 Cesson-S\u00e9vign\u00e9 le 9 juin; l&rsquo;attentat contre le R.N.P. de Dinard le 23 juin et combien d&rsquo;autres\u2026<\/p>\n<p style=\"text-align: justify;\">Mais d\u00e9j\u00e0 un autre souvenir l&rsquo;obs\u00e8de : l&rsquo;attentat de la section fougeraise contre le R.N.P. de la ville, effectu\u00e9 par les Fontaine p\u00e8re et fils.<\/p>\n<p style=\"text-align: justify;\">J&rsquo;\u00e9coute mal. Je n&rsquo;ai qu&rsquo;un d\u00e9sir : ne jamais oublier la petite lueur fauve qui flambe dans ses yeux.<\/p>\n<p style=\"text-align: justify;\">Le commandant P\u00e9tri regarde un long instant dans le vide; dans ce qui me semble, \u00e0 moi, \u00eatre le vide, mais qui, certainement, s&rsquo;anime \u00e0 son souvenir de mille visions troublantes et rapides :<\/p>\n<p style=\"text-align: justify;\">&#8211; D\u00e8s le mois de d\u00e9cembre 42, le responsable de Foug\u00e8res, Edouard, m&rsquo;avait demand\u00e9 de venir \u00e0 la R\u00e9gion, mais mon \u00e9tat de sant\u00e9 ne me le permit qu&rsquo;en janvier 43. Cependant, sur l&rsquo;ordre d&rsquo;Yvon, maintenant lieutenant-colonel Pascal, je me procurais \u00e0 la mairie de Louvign\u00e9-du-D\u00e9sert des tickets d&rsquo;alimentation. Ce fut l&rsquo;occasion de mon premier pistolet, une arme que Pascal m&rsquo;avait confi\u00e9e pour me d\u00e9fendre. C&rsquo;est en d\u00e9cembre que les responsables, arr\u00eat\u00e9s trois mois plus t\u00f4t, furent ex\u00e9cut\u00e9s \u00e0 Rennes et inhum\u00e9s \u00e0 Saint-Jacques-de-la-Lande.<\/p>\n<p style=\"text-align: justify;\">&#8211;<em>Vingt-cinq braves dont la mort dut porter un rude coup \u00e0 l&rsquo;organisation?<\/em><\/p>\n<p style=\"text-align: justify;\">&#8211; Evidemment. Cependant, ce m\u00eame mois, je voyais Geffroy qui avait pris la fuite; d\u00e8s les premi\u00e8res semaines de l&rsquo;ann\u00e9e 43, je montais \u00e0 la R\u00e9gion.<\/p>\n<p style=\"text-align: justify;\">&#8211; <em>O\u00f9 habitiez-vous \u00e0 Rennes?<\/em><\/p>\n<p style=\"text-align: justify;\">&#8211; Ma planque? J&rsquo;\u00e9tais h\u00e9berg\u00e9 chez Mme Nobilet, 9, rue Jules-Simon.<\/p>\n<p style=\"text-align: justify;\">&#8211; <em>Une r\u00e9sistante?<\/em><\/p>\n<p style=\"text-align: justify;\">&#8211; Son mari \u00e9tait parmi les fusill\u00e9s de Saint-Jacques-de-la-Lande. C&rsquo;est l\u00e0 que je commen\u00e7ais \u00e0 fabriquer des bombes. Je travaillais avec Charles, responsable d\u00e9partemental des tourn\u00e9es de propagande et Auguste, interr\u00e9gional (actuellement colonel Berjon \u00e0 Lille). Le travail \u00e9tait alors surtout d&rsquo;organisation : cr\u00e9ation de groupes F.N. et F.T.P. \u00e0 Foug\u00e8res, Sens, Saint-Malo, Dinard, Rennes, Dol, Param\u00e9, Bain-de-Bretagne, Saint-Servan, Louvign\u00e9-du-D\u00e9sert, Messac, Redon, Pipriac, etc. Le manque de mat\u00e9riel emp\u00eache la plupart des groupes d&rsquo;avoir une activit\u00e9 combative : nous r\u00e9cup\u00e9rerons sur les Allemands et la police de Vichy de quoi armer seulement quelques \u00e9l\u00e9ments. Ce qui n&#8217;emp\u00eache pas les attentats de reprendre : Francis, en janvier 43 lance une bombe au Royal pendant une s\u00e9ance de cin\u00e9ma boche.<\/p>\n<p style=\"text-align: justify;\">&#8211; <em>Quel fut le r\u00e9sultat?<\/em><\/p>\n<p style=\"text-align: justify;\">&#8211; Les Allemands n&rsquo;ont jamais avou\u00e9 leurs morts, mais ils n&rsquo;ont pu cacher les d\u00e9g\u00e2ts mat\u00e9riels. Malheureusement, Francis, arr\u00eat\u00e9 \u00e0 la suite d&rsquo;un attentat manqu\u00e9, contre de Brinon \u00e0 Nantes, fut fusill\u00e9 dans cette derni\u00e8re ville.<\/p>\n<p style=\"text-align: justify;\">&#8211; <em>Votre sp\u00e9cialit\u00e9, n&rsquo;\u00e9tait-ce pas le d\u00e9raillement?<\/em><\/p>\n<p style=\"text-align: justify;\">&#8211; Pendant les mois de mars \u00e0 septembre 43, c&rsquo;est exact. Nos tentatives de sabotage commenc\u00e8rent par la ligne de haute tension Pont-Ch\u00e2teau \u2013 Rennes et en mars, par un d\u00e9raillement entre Laill\u00e9 et Guichen, \u00e0 l&rsquo;endroit o\u00f9 la voie forme un coude. Les 5 et 7 juillet, nous r\u00e9ussissions un sabotage de tuyaux de raccordement \u00e0 l&rsquo;Hermitage, puis pr\u00e8s de Betton. Au matin, la locomotive partait seule et la rame de wagons allemands restait sur la voie.<\/p>\n<p style=\"text-align: justify;\">&#8211; <em>De quel mat\u00e9riel disposiez-vous pour vos attentats?<\/em><\/p>\n<p style=\"text-align: justify;\">&#8211; Nous le fabriquions nous-m\u00eames avec des tubes embo\u00eet\u00e9s l&rsquo;un dans l&rsquo;autre, termin\u00e9s par une barre perc\u00e9e de deux trous pour d\u00e9visser les boulons.<\/p>\n<p style=\"text-align: justify;\">&#8211; <em>Une sorte de cl\u00e9 universelle?<\/em><\/p>\n<p style=\"text-align: justify;\">&#8211; Parfaitement. Des boulons trouv\u00e9s sur les voies nous servaient de mod\u00e8le.<\/p>\n<p style=\"text-align: justify;\">C&rsquo;est avec ces instruments que nous op\u00e9r\u00e2mes le d\u00e9raillement de Noyal-Acign\u00e9 qui fit tant de bruit \u00e0 l&rsquo;\u00e9poque. Le 8 juillet, des camarades de la gare nous avaient indiqu\u00e9 qu&rsquo;un train de permissionnaires devait passer toutes les nuits \u00e0 1h 36.<\/p>\n<p style=\"text-align: justify;\">Le surlendemain, notre \u00e9quipe de 6 gars effectua le travail. Des ficelles tenues par des guetteurs constituaient tout notre syst\u00e8me de s\u00e9curit\u00e9. Il nous a fallu une demi-heure pour d\u00e9boulonner les rails. Nous sommes partis par le pont de Cesson. Nous entendions le train qui venait de Paris, et, co\u00efncidence heureuse, un train de marchandises qui venait de Rennes. Ce fut un double d\u00e9raillement tr\u00e8s r\u00e9ussi.<\/p>\n<p style=\"text-align: justify;\">La locomotive et des wagons furent d\u00e9truits et le trafic arr\u00eat\u00e9 pour deux jours. Les employ\u00e9s n&rsquo;avaient jamais vu un tel tas de ferraille. On \u00e9valua les morts et bless\u00e9s \u00e0 200. Revenus \u00e0 11 heures du matin sur le terrain, nous avons vu les patrouilles affol\u00e9es qui montaient et descendaient le long des talus. Des ambulances sillonnaient les routes.<\/p>\n<p style=\"text-align: justify;\">&#8211; <em>Oui, je me souviens du bruit que provoqua l&rsquo;accident!<\/em><\/p>\n<p style=\"text-align: justify;\">&#8211; Des paysans de la r\u00e9gion furent arr\u00eat\u00e9s puis rel\u00e2ch\u00e9s. Et la ville de Rennes re\u00e7ut une amende de deux millions. C&rsquo;est alors que le pr\u00e9fet r\u00e9gional Ripert donna une liste de communistes suspects qui, par la suite, furent emprisonn\u00e9s et d\u00e9port\u00e9s comme otages.<\/p>\n<p style=\"text-align: justify;\">&nbsp;<\/p>\n<p style=\"text-align: justify;\">Le commandant Petri se souvient des jours o\u00f9 il n&rsquo;\u00e9tait que le responsable Hubert.<\/p>\n<p style=\"text-align: justify;\">&#8211; <em>Vous ne me parlez jamais des actions r\u00e9pressibles men\u00e9es contre les miliciens?<\/em><\/p>\n<p style=\"text-align: justify;\">&#8211; Mais justement, ce fut en ce mois de juillet 43 qu&rsquo;elles commenc\u00e8rent pour de bon, contre l&rsquo;adjudant Meign\u00e9 \u00e0 Dol. Il avait, entre autres crimes, donn\u00e9 une liste de pr\u00e9sum\u00e9s communistes qui furent d\u00e9port\u00e9s en Allemagne. Auguste, D\u00e9d\u00e9 le parisien et moi devions conduire l&rsquo;affaire. Elle ne fut pas des plus faciles : notre victime se m\u00e9fiait et notre premier voyage \u00e0 Dol n&rsquo;avait donn\u00e9 aucun r\u00e9sultat, lorsque le dimanche suivant, nous y retourn\u00e2mes \u00e0 bicyclette, D\u00e9d\u00e9 et moi. Nous attendions le d\u00e9lateur \u00e0 la sortie de l&rsquo;\u00e9glise, apr\u00e8s la messe, mais il n&rsquo;en sortit pas seul et, pour ne pas risquer de blesser un innocent, nous d\u00e9cid\u00e2mes de les suivre. Il quitta son interlocuteur et revint sur ses pas, \u00e0 30 m\u00e8tres de la gendarmerie, \u00e0 l&rsquo;instant o\u00f9 je m&rsquo;approchai de lui et tirai \u00e0 bout portant. Mon 7,65 ne partit pas. Meign\u00e9 m&rsquo;agrippa le bras, mais le pistolet de D\u00e9d\u00e9, un 6,35, fonctionna mieux que le mien.<\/p>\n<p style=\"text-align: justify;\">Nous avons fui, repris nos bicyclettes qui attendaient pr\u00e8s de l&rsquo;\u00e9glise et suivi la route de Cuguen.<\/p>\n<p style=\"text-align: justify;\">&#8211; <em>Retour sans incident?<\/em><\/p>\n<p style=\"text-align: justify;\">&#8211; Il s&rsquo;en fallut de beaucoup. A 4 kilom\u00e8tres de Dol, le copain brise sa p\u00e9dale et je suis oblig\u00e9 de le prendre en remorque. A Cuguen, o\u00f9 nous cassions la cro\u00fbte, les gendarmes de Combourg, dont l&rsquo;un s&rsquo;appelait Salin, nous demandent nos papiers. Les miens \u00e9taient en r\u00e8gle, ceux de D\u00e9d\u00e9 \u00e9taient faux : la plus sale blague qui p\u00fbt nous arriver. Heureusement, nous savions que la responsable de Combourg \u00e9tait de leurs amis. Nous sommes all\u00e9s jusqu&rsquo;\u00e0 Combourg pour l&rsquo;avertir. Le soir m\u00eame, elle obtenait de nos gendarmes qu&rsquo;ils effacent nos noms de leurs calepins.<\/p>\n<p style=\"text-align: justify;\">Le dernier incident de notre voyage fut la rencontre \u00e0 Saint-Aubin-d&rsquo;Aubign\u00e9, sur la route de Rennes, d&rsquo;une ambulance qui emmenait l&rsquo;adjudant bless\u00e9, \u00e0 l&rsquo;h\u00f4pital de Rennes, o\u00f9 il devait \u00eatre d\u00e9cor\u00e9 de L\u00e9gion d&rsquo;honneur.<\/p>\n<p style=\"text-align: justify;\">&#8211; <em>Je vois la manchette : un h\u00e9ros sauvagement abattu par des terroristes.<\/em><\/p>\n<p style=\"text-align: justify;\">&#8211; Oui; il n&rsquo;en mourut pas d&rsquo;ailleurs, malheureusement. Il \u00e9tait r\u00e9fugi\u00e9, par la suite, \u00e0 Saint-Malo o\u00f9 j&rsquo;essayai plusieurs fois de le descendre. Mais il se m\u00e9fiait et ne sortait jamais.<\/p>\n<p style=\"text-align: justify;\">&#8211; <em>Et maintenant?<\/em><\/p>\n<p style=\"text-align: justify;\">&#8211; Maintenant! Il est en fuite quelque part en France.<\/p>\n<p style=\"text-align: justify;\">Le commandant Petri, dit Hubert, sourit brusquement, inopin\u00e9ment.<\/p>\n<p style=\"text-align: justify;\">&#8211; Cette affaire me rappelle une jolie histoire : quatre ou cinq jours plus tard, je voyageais sur la ligne Rennes \u2013 Saint-Malo et dans mon compartiment, une brave dame de Dol, racontait \u00e0 qui voulait l&rsquo;entendre et \u00e0 moi tout oreilles qu&rsquo;elle connaissait les auteurs de l&rsquo;attentat et savait mieux que personne comment il avait eu lieu. A Dol, o\u00f9 elle est descendue, des gendarmes faisaient les cent pas sur le quai. L&rsquo;instant eut \u00e9t\u00e9 mal choisi de la d\u00e9tromper.<\/p>\n<p style=\"text-align: justify;\">&#8211; <em>Parlez-moi du 14 juillet 1943.<\/em><\/p>\n<p style=\"text-align: justify;\">&#8211; Vous vous souvenez de cette m\u00e9morable journ\u00e9e? Oui, ce fut assez r\u00e9ussi. Ob\u00e9issant \u00e0 des consignes donn\u00e9es par le Comit\u00e9 Militaire National des F.T.P. (Charles Tillon pr\u00e9sident), qui prescrivaient des sabotages dans toute la Bretagne, je donnai l&rsquo;ordre \u00e0 mes camarades de faire un 14 juillet de guerre. A Foug\u00e8res, ce jour-l\u00e0, Jules et Roger Fontaine attaqu\u00e8rent \u00e0 la grenade la feld-gendarmerie. R\u00e9sultats pratiques : 12 bless\u00e9s, dont plusieurs officiers; 1 tu\u00e9, arrestations d&rsquo;otages et une amende \u00e0 la ville.<\/p>\n<p style=\"text-align: justify;\">Auguste et moi avions pass\u00e9 la nuit du 13 au 14 \u00e0 Vezin-le-Coquet, \u00e0 pr\u00e9parer et placer nos bombes. Des morceaux de bois calaient contre le pyl\u00f4ne les explosifs. Nous couchions dehors et je vous assure que, malgr\u00e9 la saison, la nuit n&rsquo;\u00e9tait pas chaude. Nous avons allum\u00e9 les m\u00e8ches et nous sommes rentr\u00e9s \u00e0 Rennes. Quand le pyl\u00f4ne est tomb\u00e9, le ciel s&rsquo;est incendi\u00e9 jusqu&rsquo;aux limites les plus lointaines de l&rsquo;horizon.<\/p>\n<p style=\"text-align: justify;\">Avenue du Mail, \u00e0 5 heures moins dix, des agents nous crois\u00e8rent. Nous riions tr\u00e8s haut comme des ouvriers retour du travail\u2026 Mais notre travail n&rsquo;\u00e9tait pas fini. A 5 heures, nous nous s\u00e9parions rue de la Chalotais. A 5 h 15, je posais une bombe au soupirail de la cave du P.P.F. et rejoignais ma \u00ab\u00a0planque\u00a0\u00bb chez Mme Nobilet.<\/p>\n<p style=\"text-align: justify;\">Quelques heures plus tard, les policiers et la Gestapo, alert\u00e9s, \u00e9tablissaient des barrages dans toutes les rues de Rennes, tandis que Charles et ses compagnons jetaient des tracts, dans ces m\u00eames rues, \u00e0 pleines poign\u00e9es.<\/p>\n<p style=\"text-align: justify;\">&nbsp;<\/p>\n<h2 style=\"text-align: center;\"><strong>JADIS UNE VILLE<\/strong><\/h2>\n<p>&nbsp;<\/p>\n<p style=\"text-align: center;\"><strong><\/p>\n<div id=\"attachment_677\" style=\"width: 229px\" class=\"wp-caption aligncenter\"><strong><a href=\"http:\/\/www.jeancharlespichon.com\/wp\/wp-content\/uploads\/2011\/01\/JADIS001.jpg\"><img loading=\"lazy\" decoding=\"async\" aria-describedby=\"caption-attachment-677\" class=\"size-medium wp-image-677\" title=\"JADIS001\" src=\"http:\/\/www.jeancharlespichon.com\/wp\/wp-content\/uploads\/2011\/01\/JADIS001-219x300.jpg\" alt=\"\" width=\"219\" height=\"300\" srcset=\"https:\/\/www.jeancharlespichon.com\/wp\/wp-content\/uploads\/2011\/01\/JADIS001-219x300.jpg 219w, https:\/\/www.jeancharlespichon.com\/wp\/wp-content\/uploads\/2011\/01\/JADIS001.jpg 519w\" sizes=\"auto, (max-width: 219px) 100vw, 219px\" \/><\/a><\/strong><p id=\"caption-attachment-677\" class=\"wp-caption-text\">Illustration Pierre-Jean Debenat<\/p><\/div>\n<p><\/strong><\/p>\n<p style=\"text-align: justify;\"><strong> <\/strong><\/p>\n<p style=\"text-align: justify;\">Dix-huit tringles de fer rouill\u00e9 supportaient, Atlas d\u00e9risoire, un fragment de verre brillant de pluie : tout ce qui restait du grand hall de la gare. A l&rsquo;angle droit, un pan de mur s&rsquo;\u00e9levait, d\u00e9vor\u00e9 ici et l\u00e0 par des lambeaux de tapisserie, soulign\u00e9 tout au long par une empreinte noire, les vestiges du grand escalier de l&rsquo;immeuble des chefs de service. La gare des marchandises \u00e9tait, \u00e0 gauche, un tas de d\u00e9bris sans nom; au centre, sur l&#8217;emplacement de l&rsquo;ancienne horloge, l&rsquo;\u0153il crev\u00e9, b\u00e9ant, d&rsquo;un cyclope de pierre. Il n&rsquo;y avait rien \u00e0 dire et pas grand-chose \u00e0 esp\u00e9rer. L&rsquo;homme s&rsquo;adossa contre la balustrade qui longeait un trottoir aujourd&rsquo;hui disparu; il posa le coude gauche sur un bloc de granit, plac\u00e9 sans but, Janus sans t\u00eate, \u00e0 l&rsquo;entr\u00e9e de la rue de Nantes. Il lui fallait \u00eatre soutenu de partout : son bras droit le g\u00eanait, qui se balan\u00e7ait dans le vide.<\/p>\n<p style=\"text-align: justify;\">Il \u00e9vitait, surtout, de tourner son regard vers une rang\u00e9e d&rsquo;immeubles encore debout, de l&rsquo;autre c\u00f4t\u00e9 de la rue : un caf\u00e9, un modeste salon de coiffure, un magasin de modiste. Il n&rsquo;avait pas besoin de les regarder pour les voir : le caf\u00e9, sans vitre ni porte, \u00e9tait condamn\u00e9 par de larges planches de bois clou\u00e9es sur les montants. B\u00e2ties sur des tr\u00e9teaux dans le salon de coiffure, de grandes tables offraient, p\u00eale-m\u00eale, des brochures amusantes, des chopines de vin blanc, des chapelets de saucisses et des morceaux de lard. Le locataire provisoire du magasin de mode vendait de la raie, des merlans et du congre.<\/p>\n<p style=\"text-align: justify;\">L&rsquo;homme baissa la t\u00eate; mais il ne se demandait pas encore ce qu&rsquo;il \u00e9tait venu faire parmi ces ruines. Il s&rsquo;effor\u00e7ait, avec des brins de tabac tir\u00e9s de ses poches, de se rouler une cigarette. La feuille de papier mince se d\u00e9chirait, le tabac tombait par terre, l&rsquo;homme grognait sourdement.<\/p>\n<p style=\"text-align: justify;\">&#8211; Une cigarette?<\/p>\n<p style=\"text-align: justify;\">Il tressaillit, regarda le gamin haut comme trois pommes, camp\u00e9 devant lui, imperturbable.<\/p>\n<p style=\"text-align: justify;\">&#8211; Combien?<\/p>\n<p style=\"text-align: justify;\">&#8211; Je la vends cent sous, dit le gosse.<\/p>\n<p style=\"text-align: justify;\">L&rsquo;homme plongea la main dans une de ses poches, sembla se raviser :<\/p>\n<p style=\"text-align: justify;\">&#8211; Tu n&rsquo;as pas honte!<\/p>\n<p style=\"text-align: justify;\">&#8211; Si vous n&rsquo;en voulez pas, \u00e7a ne fait rien, vous savez.<\/p>\n<p style=\"text-align: justify;\">Etrangement, le visage de l&rsquo;homme se contracta, ses paupi\u00e8res se mirent \u00e0 battre, comme sous l&rsquo;effet d&rsquo;un tic. Et, pendant un instant, il cessa d&rsquo;\u00eatre beau.<\/p>\n<p style=\"text-align: justify;\">&#8211; Allons! Donne ta cibiche.<\/p>\n<p style=\"text-align: justify;\">&#8211; Le fric!<\/p>\n<p style=\"text-align: justify;\">&#8211; Ah! C&rsquo;est comme \u00e7a que tu es!<\/p>\n<p style=\"text-align: justify;\">&#8211; Un peu!<\/p>\n<p style=\"text-align: justify;\">&#8211; Viens avec moi.<\/p>\n<p style=\"text-align: justify;\">&#8211; O\u00f9 \u00e7a?<\/p>\n<p style=\"text-align: justify;\">&#8211; Tu n&rsquo;as pas soif?<\/p>\n<p style=\"text-align: justify;\">&#8211; Vous voulez me payer \u00e0 boire, sans blague? \u00c7a vous co\u00fbtera plus cher qu&rsquo;une thune.<\/p>\n<p style=\"text-align: justify;\">L&rsquo;homme ne r\u00e9pondit pas : il traversait d\u00e9j\u00e0 la rue. Le gamin se frotta les mains et le suivit.<\/p>\n<p style=\"text-align: justify;\">Dans le salon de coiffure, plein de fum\u00e9e, de rires et de voix criardes, il n&rsquo;\u00e9tait pas facile de s&rsquo;approcher des tables. Mais, tandis que l&rsquo;homme luttait vainement des \u00e9paules et des bras, promptement faufil\u00e9 entre des jambes, le gosse touchait au comptoir, et il gueulait :<\/p>\n<p style=\"text-align: justify;\">&#8211; M\u2026 alors! O\u00f9 est-il pass\u00e9, ce c\u2026-l\u00e0?<\/p>\n<p style=\"text-align: justify;\">&nbsp;<\/p>\n<p style=\"text-align: justify;\">&#8211; Pourquoi tu fais cette t\u00eate?<\/p>\n<p style=\"text-align: justify;\">L&rsquo;homme ne s&rsquo;offusqua pas du tutoiement. Il l&rsquo;esp\u00e9rait depuis trois heures qu&rsquo;il promenait son kid dans la jungle des pierres descell\u00e9es, des caves \u00e0 ciel ouvert remplies d&rsquo;eau. Apr\u00e8s le vin blanc, il lui avait pay\u00e9 une immonde galette de ma\u00efs, couverte de mouches, puis un autre verre de vin. Il n&rsquo;avait plus \u00e0 lui dire : \u00ab\u00a0Viens avec moi\u00a0\u00bb, il marchait vite, \u00e0 grandes enjamb\u00e9es, sans un mot. Le gosse, parfois, devait courir pour le rattraper. La question le fit se retourner, saisi de l&rsquo;envie de caresser la tignasse rousse. Il ne pensait pas encore vraiment. Il y avait des ann\u00e9es, lui semblait-il, qu&rsquo;il ne pensait plus \u00e0 rien. Il combinait d&rsquo;\u00e9tranges additions, s&#8217;embrouillait dans ses calculs.<\/p>\n<p style=\"text-align: justify;\">&#8211; Quel \u00e2ge as-tu?<\/p>\n<p style=\"text-align: justify;\">&#8211; Treize piges.<\/p>\n<p style=\"text-align: justify;\">&#8211; En 39, tu avais?<\/p>\n<p style=\"text-align: justify;\">&#8211; Ben quoi, tu ne sais plus compter!<\/p>\n<p style=\"text-align: justify;\">En 39, il avait six ans. Un petit bout de chou qui lorgnait des bateaux en bois \u00e0 camembert dans les caniveaux de son quartier. Lui, l&rsquo;homme, il en avait alors dix-neuf, l&rsquo;\u00e2ge encore o\u00f9 l&rsquo;on tire plaisir d&rsquo;une cravate \u00e0 pois bleus. Les enfants de six ans, c&rsquo;\u00e9tait un autre monde, parfaitement inint\u00e9ressant : \u00e7a valait tout au plus une claque sur la joue, pour le plaisir des les entendre gueuler : \u00ab\u00a0Maman!\u00a0\u00bb.<\/p>\n<p style=\"text-align: justify;\">Grima\u00e7ant, l&rsquo;homme passa une main sale sur sa joue, comme pour y apaiser la br\u00fblure de la gifle.<\/p>\n<p style=\"text-align: justify;\">&#8211; Qu&rsquo;est-ce que tu fiches ici, petit bout? Tu vis avec tes p\u00e8re et m\u00e8re?<\/p>\n<p style=\"text-align: justify;\">&#8211; Ils sont morts, dit le gosse.<\/p>\n<p style=\"text-align: justify;\">Et, comme l&rsquo;autre \u00e9bauchait une caresse sur sa tignasse, il ajouta, en s&rsquo;\u00e9cartant avec humeur :<\/p>\n<p style=\"text-align: justify;\">&#8211; Ou c&rsquo;est tout comme\u2026 As-tu bient\u00f4t fini de me tripoter comme \u00e7a!<\/p>\n<p style=\"text-align: justify;\">&#8211; Tu vis tout seul? Comment vis-tu?<\/p>\n<p style=\"text-align: justify;\">&#8211; On se d\u00e9brouille. Tu ne trouves pas qu&rsquo;on a assez march\u00e9, et qu&rsquo;on pourrait s&rsquo;asseoir?<\/p>\n<p style=\"text-align: justify;\">Sans attendre la r\u00e9ponse, il se laissa tomber sur un tas de cailloux, entre un arbre aux trois-quarts d\u00e9racin\u00e9 et les ruines d&rsquo;une digue de pierres. La mer remuait vaguement devant eux et l&rsquo;homme regardait la mer.<\/p>\n<p style=\"text-align: justify;\">Longtemps, ils rest\u00e8rent silencieux. Le gamin n&rsquo;avait rien \u00e0 dire, l&rsquo;homme avait honte d&rsquo;exprimer tout haut sa pens\u00e9e. Ce fut l&rsquo;enfant qui parla le premier :<\/p>\n<p style=\"text-align: justify;\">&#8211; Tu habitais ici, avant la guerre?<\/p>\n<p style=\"text-align: justify;\">Il prit pour un assentiment le murmure indistinct de l&rsquo;homme.<\/p>\n<p style=\"text-align: justify;\">&#8211; C&rsquo;\u00e9tait un sacr\u00e9 port, pas vrai? Moi, j&rsquo;\u00e9tais un peu jeunot pour me remembrer. Mais toi, tu dois te rappeler des choses. Tu \u00e9tais l\u00e0 pour le d\u00e9part du Normandie?<\/p>\n<p style=\"text-align: justify;\">&#8211; Oui, j&rsquo;\u00e9tais l\u00e0, dit l&rsquo;homme. Un fier bateau.<\/p>\n<p style=\"text-align: justify;\">&#8211; Pas vrai? J&rsquo;\u00e9tais trop petit pour le voir tout entier. Mais les p\u00eacheurs de suif, ils \u00e9taient \u00e0 ma taille, dans la cale de lancement. Qu&rsquo;est-ce qu&rsquo;ils pouvaient ramer pour avoir leur bout de gras! \u00c7a valait le jus de les voir!<\/p>\n<p style=\"text-align: justify;\">Et, tout \u00e0 coup, dans l&rsquo;esprit de l&rsquo;homme, c&rsquo;est un \u00e9blouissement de barques vertes et bleues naines aupr\u00e8s du mastodonte. Il les avait regard\u00e9es de ses yeux d\u00e9daigneux de grand adolescent, sans se douter qu&rsquo;un m\u00eame les voyait comme lui, qui lui en parlerait sept ou huit ans plus tard, apr\u00e8s toute cette horreur. Pour ne rien perdre de l&rsquo;\u00e9motion qui lui venait, la premi\u00e8re depuis longtemps, il chercha, vite, dans son souvenir d&rsquo;autres images. Il y en avait, en si grand nombre qu&rsquo;elles se chevauchaient sur ses l\u00e8vres.<\/p>\n<p style=\"text-align: justify;\">&#8211; Est-ce que tu \u00e9tais l\u00e0, le jour o\u00f9\u2026 ?<\/p>\n<p style=\"text-align: justify;\">&nbsp;<\/p>\n<p style=\"text-align: justify;\">&#8211; Le dimanche, tous les dimanches, je m&rsquo;en allais au Jardin des Plantes. On se retrouvait entre gar\u00e7ons et filles, sous le kiosque \u00e0 musique, tu sais, pas tr\u00e8s loin de la maison du garde? L\u00e0 o\u00f9 il y avait des fleurs toute l&rsquo;ann\u00e9e, des cam\u00e9lias en janvier, des violettes en mars, des pens\u00e9es, des roses, des dahlias, et des chrysanth\u00e8mes pour les morts? \u2026 En avons-nous fait, des parties! L&rsquo;un de nous avait un jeu de croquet, pour les mois chauds. Ou bien, on s&#8217;embrassait derri\u00e8re les arbres. Il y en avait une, elle s&rsquo;appelait Raymonde\u2026<\/p>\n<p style=\"text-align: justify;\">Il a perdu l&rsquo;attention du gosse, mais il ne s&rsquo;en aper\u00e7oit pas. Il parle enfin, il parle : des ann\u00e9es de joie hantent sa m\u00e9moire. A les raconter, il croit les revivre, la t\u00eate basse. Le paysage qu&rsquo;il voit, ce n&rsquo;est pas celui qu&rsquo;il a sous les yeux, mais un autre, pareil et tout diff\u00e9rent : les arbres \u00e9taient encore debout, la digue aussi. Il y avait des tentes \u00e9crues, des couleurs partout sur cette plage. Des jeunes gens aux deux-tiers nus qui se baignaient dans la mer\u2026<\/p>\n<p style=\"text-align: justify;\">&#8211; C&rsquo;\u00e9tait \u00e9patant de vivre, dit-il.<\/p>\n<p style=\"text-align: justify;\">Soudain, le kid se l\u00e8ve et se campe devant lui, les deux mains sur les hanches :<\/p>\n<p style=\"text-align: justify;\">&#8211; Oh dis! Tu connais pas une autre chanson?<\/p>\n<p style=\"text-align: justify;\">L&rsquo;interruption fait plouf dans le cr\u00e2ne de l&rsquo;homme. Tous les souvenirs d\u00e9gringolent, confondus dans les profondeurs. Il balbutie :<\/p>\n<p style=\"text-align: justify;\">&#8211; Qu&rsquo;est-ce qu&rsquo;il y a? Quoi? Je croyais te faire plaisir!<\/p>\n<p style=\"text-align: justify;\">&#8211; Moi, dit le gosse, y a que les bateaux qui me disent.<\/p>\n<p style=\"text-align: justify;\">Le soir tombe lorsqu&rsquo;ils reviennent dans la ville. Pourquoi s&rsquo;est-il embarrass\u00e9 de cet idiot? Qu&rsquo;a-t-il besoin d&rsquo;un guide dans le m\u00e9andre des rues qu&rsquo;il connut mieux que personne? Mais il n&rsquo;y a plus de m\u00e9andres, ni de rues : un d\u00e9sert peupl\u00e9 de silos \u00e0 ras de terre. Et cet enfant non plus ne ressemble pas aux enfants de \u00ab\u00a0son temps\u00a0\u00bb. Un petit diable ricanant bondit de droite et de gauche \u00e0 ses c\u00f4t\u00e9s.<\/p>\n<p style=\"text-align: justify;\">&#8211; Alors, comme \u00e7a, tu aimais une jeune fille? Raymonde, qu&rsquo;elle s&rsquo;appelait. Comme c&rsquo;est int\u00e9ressant! Non! Vous \u00eates dr\u00f4lement marrants, vous autres! L&rsquo;amour, les fleurs, les petits oiseaux?<\/p>\n<p style=\"text-align: justify;\">&#8211; Tais-toi, dit l&rsquo;homme.<\/p>\n<p style=\"text-align: justify;\">&#8211; Et puis la guerre est venue. C&rsquo;est \u00e7a, la m\u00e9chante guerre. Tu as fait la guerre, comme soldat?<\/p>\n<p style=\"text-align: justify;\">&#8211; Tais-toi, dit l&rsquo;homme.<\/p>\n<p style=\"text-align: justify;\">&#8211; Sans compter qu&rsquo;avec tout ce que t&rsquo;avais dans la t\u00eate, \u00e7a n&rsquo;a pas d\u00fb \u00eatre jouasse pour toi de te battre\u2026 T&rsquo;as fait comme les autres, tu t&rsquo;es pas battu? Tu attendais la fin pour retrouver ta m\u00f4me. Mais elle t&rsquo;avait pas attendu?<\/p>\n<p style=\"text-align: justify;\">&#8211; Tu vas te taire, non, tu vas te taire?<\/p>\n<p style=\"text-align: justify;\">L&rsquo;homme a saisi le gamin par un bras, il le secoue comme s&rsquo;il voulait le tuer. Le petit a peur :<\/p>\n<p style=\"text-align: justify;\">&#8211; \u00c7a va! Je dirai plus rien.<\/p>\n<p style=\"text-align: justify;\">Mais, aussit\u00f4t que l&rsquo;homme l&rsquo;a l\u00e2ch\u00e9, il crie, bien vite hors d&rsquo;atteinte :<\/p>\n<p style=\"text-align: justify;\">&#8211; Va donc, bouffeur de confetti, semelle cuite! Pour quoi tu me prends, des fois, \u00e0 me raconter des trucs, salaud! M&rsquo;en fous pas mal de tes gonzesses, et de toi tout comme. Mais avez-vous vu \u00e7a, ce mec enfarin\u00e9, qui me prend pour un confessionnal!<\/p>\n<p style=\"text-align: justify;\">&nbsp;<\/p>\n<p style=\"text-align: justify;\">L&rsquo;homme est au milieu d&rsquo;un tremblement de terre, ses joues br\u00fblent. Vieux, soudain, il voudrait pleurer. C&rsquo;est la premi\u00e8re et la derni\u00e8re fois que, pris au pi\u00e8ge du t\u00e9moignage, il se raccroche aux choses mortes.<\/p>\n<p>&nbsp;<\/p>\n<p>Jean-Charles Pichon\u00a0\u00a0\u00a0\u00a0\u00a0\u00a0\u00a0\u00a0 1945<\/p>\n<p>&nbsp;<\/p>\n<p style=\"text-align: center;\">\n<div id=\"attachment_678\" style=\"width: 229px\" class=\"wp-caption aligncenter\"><a href=\"http:\/\/www.jeancharlespichon.com\/wp\/wp-content\/uploads\/2011\/01\/JADIS002.jpg\"><img loading=\"lazy\" decoding=\"async\" aria-describedby=\"caption-attachment-678\" class=\"size-medium wp-image-678\" title=\"JADIS002\" src=\"http:\/\/www.jeancharlespichon.com\/wp\/wp-content\/uploads\/2011\/01\/JADIS002-219x300.jpg\" alt=\"\" width=\"219\" height=\"300\" srcset=\"https:\/\/www.jeancharlespichon.com\/wp\/wp-content\/uploads\/2011\/01\/JADIS002-219x300.jpg 219w, https:\/\/www.jeancharlespichon.com\/wp\/wp-content\/uploads\/2011\/01\/JADIS002.jpg 519w\" sizes=\"auto, (max-width: 219px) 100vw, 219px\" \/><\/a><p id=\"caption-attachment-678\" class=\"wp-caption-text\">Illustration Pierre-Jean Debenat<\/p><\/div>\n","protected":false},"excerpt":{"rendered":"<p>Jean-Paul Debenat a retrouv\u00e9 une brochure, \u00e9dit\u00e9e en 1945 par Le Patriote de l&rsquo;Ouest. Jean-Charles Pichon y retranscrit le t\u00e9moignage du Commandant P\u00e9tri, une figure de la R\u00e9sistance en Ille et Vilaine. En voici un extrait, suivi d&rsquo;une nouvelle \u00e9crite &hellip; <a href=\"https:\/\/www.jeancharlespichon.com\/wp\/?p=591\">Continuer la lecture <span class=\"meta-nav\">&rarr;<\/span><\/a><\/p>\n","protected":false},"author":1,"featured_media":0,"comment_status":"open","ping_status":"open","sticky":false,"template":"","format":"standard","meta":{"footnotes":""},"categories":[30],"tags":[],"class_list":["post-591","post","type-post","status-publish","format-standard","hentry","category-documents"],"_links":{"self":[{"href":"https:\/\/www.jeancharlespichon.com\/wp\/index.php?rest_route=\/wp\/v2\/posts\/591","targetHints":{"allow":["GET"]}}],"collection":[{"href":"https:\/\/www.jeancharlespichon.com\/wp\/index.php?rest_route=\/wp\/v2\/posts"}],"about":[{"href":"https:\/\/www.jeancharlespichon.com\/wp\/index.php?rest_route=\/wp\/v2\/types\/post"}],"author":[{"embeddable":true,"href":"https:\/\/www.jeancharlespichon.com\/wp\/index.php?rest_route=\/wp\/v2\/users\/1"}],"replies":[{"embeddable":true,"href":"https:\/\/www.jeancharlespichon.com\/wp\/index.php?rest_route=%2Fwp%2Fv2%2Fcomments&post=591"}],"version-history":[{"count":5,"href":"https:\/\/www.jeancharlespichon.com\/wp\/index.php?rest_route=\/wp\/v2\/posts\/591\/revisions"}],"predecessor-version":[{"id":676,"href":"https:\/\/www.jeancharlespichon.com\/wp\/index.php?rest_route=\/wp\/v2\/posts\/591\/revisions\/676"}],"wp:attachment":[{"href":"https:\/\/www.jeancharlespichon.com\/wp\/index.php?rest_route=%2Fwp%2Fv2%2Fmedia&parent=591"}],"wp:term":[{"taxonomy":"category","embeddable":true,"href":"https:\/\/www.jeancharlespichon.com\/wp\/index.php?rest_route=%2Fwp%2Fv2%2Fcategories&post=591"},{"taxonomy":"post_tag","embeddable":true,"href":"https:\/\/www.jeancharlespichon.com\/wp\/index.php?rest_route=%2Fwp%2Fv2%2Ftags&post=591"}],"curies":[{"name":"wp","href":"https:\/\/api.w.org\/{rel}","templated":true}]}}