{"id":263,"date":"2010-11-13T17:38:56","date_gmt":"2010-11-13T16:38:56","guid":{"rendered":"http:\/\/www.jeancharlespichon.com\/wp\/?p=263"},"modified":"2010-11-13T17:39:05","modified_gmt":"2010-11-13T16:39:05","slug":"un-monde-en-creux","status":"publish","type":"post","link":"https:\/\/www.jeancharlespichon.com\/wp\/?p=263","title":{"rendered":"Un monde en creux"},"content":{"rendered":"<p style=\"text-align: center;\"><span style=\"font-family: times; font-size: large;\"><strong>Un Monde en Creux<br \/>\nOu<br \/>\nLes  m\u00e9moires de la f\u00e9e<\/strong><strong><br \/>\n<\/strong><em>In\u00e9dit (1974)<\/em><\/span><\/p>\n<p><em> <\/em><\/p>\n<p style=\"text-align: center;\"><strong><span style=\"font-family: arial; font-size: medium;\">I<\/span><\/strong><\/p>\n<p style=\"text-align: center;\"><span style=\"font-family: arial; font-size: medium;\">Des b\u00eates vertes me regardent<\/span><\/p>\n<p style=\"text-align: center;\"><span style=\"font-family: arial; font-size: medium;\">imaginant un monde o\u00f9 je ne serai  plus<\/span><\/p>\n<p style=\"text-align: center;\"><span style=\"font-family: arial; font-size: medium;\">imaginant mon \u0153il sous leurs  paupi\u00e8res<\/span><\/p>\n<p style=\"text-align: center;\"><span style=\"font-family: arial; font-size: medium;\">baiss\u00e9es parmi les \u00e9clairs de la  nuit.<\/span><\/p>\n<p style=\"text-align: center;\"><span style=\"font-family: arial; font-size: medium;\"> <\/span><\/p>\n<div id=\"attachment_265\" style=\"width: 310px\" class=\"wp-caption aligncenter\"><span><a href=\"http:\/\/www.jeancharlespichon.com\/wp\/wp-content\/uploads\/2010\/11\/monde1.jpg\"><img loading=\"lazy\" decoding=\"async\" aria-describedby=\"caption-attachment-265\" class=\"size-medium wp-image-265\" title=\"monde1\" src=\"http:\/\/www.jeancharlespichon.com\/wp\/wp-content\/uploads\/2010\/11\/monde1-300x220.jpg\" alt=\"\" width=\"300\" height=\"220\" srcset=\"https:\/\/www.jeancharlespichon.com\/wp\/wp-content\/uploads\/2010\/11\/monde1-300x220.jpg 300w, https:\/\/www.jeancharlespichon.com\/wp\/wp-content\/uploads\/2010\/11\/monde1.jpg 436w\" sizes=\"auto, (max-width: 300px) 100vw, 300px\" \/><\/a><\/span><p id=\"caption-attachment-265\" class=\"wp-caption-text\">Illustration Pierre-Jean Debenat<\/p><\/div>\n<p style=\"text-align: center;\"><span style=\"font-family: arial; font-size: medium;\">Des b\u00eates<\/span><\/p>\n<p style=\"text-align: center;\"><span style=\"font-family: arial; font-size: medium;\">aux pieds d&rsquo;homme aux mains de  f\u00e9es<\/span><\/p>\n<p style=\"text-align: center;\"><span style=\"font-family: arial; font-size: medium;\">des b\u00eates enivr\u00e9es qui s&rsquo;effraient \u00e0  t\u00e2tons<\/span><\/p>\n<p style=\"text-align: center;\"><span style=\"font-family: arial; font-size: medium;\">du ciel dans l&rsquo;\u0153il et du  reflet<\/span><\/p>\n<p style=\"text-align: center;\"><span style=\"font-family: arial; font-size: medium;\">de leurs mufles dedans les  mares.<\/span><\/p>\n<p style=\"text-align: center;\"><span style=\"font-family: arial; font-size: medium;\"> <\/span><\/p>\n<div id=\"attachment_266\" style=\"width: 310px\" class=\"wp-caption aligncenter\"><span><a href=\"http:\/\/www.jeancharlespichon.com\/wp\/wp-content\/uploads\/2010\/11\/monde2.jpg\"><img loading=\"lazy\" decoding=\"async\" aria-describedby=\"caption-attachment-266\" class=\"size-medium wp-image-266\" title=\"monde2\" src=\"http:\/\/www.jeancharlespichon.com\/wp\/wp-content\/uploads\/2010\/11\/monde2-300x218.jpg\" alt=\"\" width=\"300\" height=\"218\" srcset=\"https:\/\/www.jeancharlespichon.com\/wp\/wp-content\/uploads\/2010\/11\/monde2-300x218.jpg 300w, https:\/\/www.jeancharlespichon.com\/wp\/wp-content\/uploads\/2010\/11\/monde2.jpg 431w\" sizes=\"auto, (max-width: 300px) 100vw, 300px\" \/><\/a><\/span><p id=\"caption-attachment-266\" class=\"wp-caption-text\">Illustration Pierre-Jean Debenat<\/p><\/div>\n<p style=\"text-align: center;\"><span style=\"font-family: arial; font-size: medium;\">Des b\u00eates rases<\/span><\/p>\n<p style=\"text-align: center;\"><span style=\"font-family: arial; font-size: medium;\">hallucin\u00e9es des b\u00eates <\/span><\/p>\n<p style=\"text-align: center;\"><span style=\"font-family: arial; font-size: medium;\">heureuses de leur hideur.<\/span><\/p>\n<p style=\"text-align: center;\"><span style=\"font-family: arial; font-size: medium;\"> <\/span><\/p>\n<div id=\"attachment_267\" style=\"width: 310px\" class=\"wp-caption aligncenter\"><span><a href=\"http:\/\/www.jeancharlespichon.com\/wp\/wp-content\/uploads\/2010\/11\/monde3.jpg\"><img loading=\"lazy\" decoding=\"async\" aria-describedby=\"caption-attachment-267\" class=\"size-medium wp-image-267\" title=\"monde3\" src=\"http:\/\/www.jeancharlespichon.com\/wp\/wp-content\/uploads\/2010\/11\/monde3-300x217.jpg\" alt=\"\" width=\"300\" height=\"217\" srcset=\"https:\/\/www.jeancharlespichon.com\/wp\/wp-content\/uploads\/2010\/11\/monde3-300x217.jpg 300w, https:\/\/www.jeancharlespichon.com\/wp\/wp-content\/uploads\/2010\/11\/monde3.jpg 437w\" sizes=\"auto, (max-width: 300px) 100vw, 300px\" \/><\/a><\/span><p id=\"caption-attachment-267\" class=\"wp-caption-text\">Illustration Pierre-Jean Debenat<\/p><\/div>\n<p style=\"text-align: center;\"><span style=\"font-family: arial; font-size: medium;\">Il y a des si\u00e8cles de d\u00e9sordre <\/span><\/p>\n<p style=\"text-align: center;\"><span style=\"font-family: arial; font-size: medium;\">derri\u00e8re moi<\/span><\/p>\n<p style=\"text-align: center;\"><span style=\"font-family: arial; font-size: medium;\">des ombres vont s&rsquo;interrogeant sur la  validit\u00e9 de l&rsquo;homme.<\/span><\/p>\n<p style=\"text-align: center;\"><span style=\"font-family: arial; font-size: medium;\">L&rsquo;homme prend ses doigts parmi des  griffes<\/span><\/p>\n<p style=\"text-align: center;\"><span style=\"font-family: arial; font-size: medium;\">et ses cheveux parmi des  algues<\/span><\/p>\n<p style=\"text-align: center;\"><span style=\"font-family: arial; font-size: medium;\">l&rsquo;homme imite le chant atroce des  corbeaux<\/span><\/p>\n<p style=\"text-align: center;\"><span style=\"font-family: arial; font-size: medium;\">et joue avec un doigt sur les marbres  debout<\/span><\/p>\n<p style=\"text-align: center;\"><span style=\"font-family: arial; font-size: medium;\">l&rsquo;homme rit et tout  dispara\u00eet.<\/span><\/p>\n<p style=\"text-align: center;\"><span style=\"font-family: arial; font-size: medium;\"> <\/span><\/p>\n<div id=\"attachment_268\" style=\"width: 310px\" class=\"wp-caption aligncenter\"><span><a href=\"http:\/\/www.jeancharlespichon.com\/wp\/wp-content\/uploads\/2010\/11\/monde4.jpg\"><img loading=\"lazy\" decoding=\"async\" aria-describedby=\"caption-attachment-268\" class=\"size-medium wp-image-268\" title=\"monde4\" src=\"http:\/\/www.jeancharlespichon.com\/wp\/wp-content\/uploads\/2010\/11\/monde4-300x222.jpg\" alt=\"\" width=\"300\" height=\"222\" srcset=\"https:\/\/www.jeancharlespichon.com\/wp\/wp-content\/uploads\/2010\/11\/monde4-300x222.jpg 300w, https:\/\/www.jeancharlespichon.com\/wp\/wp-content\/uploads\/2010\/11\/monde4.jpg 438w\" sizes=\"auto, (max-width: 300px) 100vw, 300px\" \/><\/a><\/span><p id=\"caption-attachment-268\" class=\"wp-caption-text\">Illustration Pierre-Jean Debenat<\/p><\/div>\n<p style=\"text-align: center;\"><span style=\"font-family: arial; font-size: medium;\">Il y a des si\u00e8cles de  d\u00e9sordre<\/span><\/p>\n<p style=\"text-align: center;\"><span style=\"font-family: arial; font-size: medium;\">des lacs de feu<\/span><\/p>\n<p style=\"text-align: center;\"><span style=\"font-family: arial; font-size: medium;\">o\u00f9 le corps des damn\u00e9s incandescent se  l\u00e8ve et crie<\/span><\/p>\n<p style=\"text-align: center;\"><span style=\"font-family: arial; font-size: medium;\">o\u00f9 transparaissent des lueurs<\/span><\/p>\n<p style=\"text-align: center;\"><span style=\"font-family: arial; font-size: medium;\">des lueurs d&rsquo;yeux o\u00f9 n&rsquo;entre pas  l&rsquo;amour<\/span><\/p>\n<p style=\"text-align: center;\"><span style=\"font-family: times; font-size: medium;\"><span style=\"font-family: arial;\">des lueurs d&rsquo;eau  sal\u00e9e.<\/span><\/span><\/p>\n<p style=\"text-align: center;\"><span style=\"font-family: times; font-size: medium;\"><span style=\"font-family: arial;\"> <\/span><\/span><\/p>\n<div id=\"attachment_269\" style=\"width: 310px\" class=\"wp-caption aligncenter\"><span><span><a href=\"http:\/\/www.jeancharlespichon.com\/wp\/wp-content\/uploads\/2010\/11\/monde5.jpg\"><img loading=\"lazy\" decoding=\"async\" aria-describedby=\"caption-attachment-269\" class=\"size-medium wp-image-269\" title=\"monde5\" src=\"http:\/\/www.jeancharlespichon.com\/wp\/wp-content\/uploads\/2010\/11\/monde5-300x217.jpg\" alt=\"\" width=\"300\" height=\"217\" srcset=\"https:\/\/www.jeancharlespichon.com\/wp\/wp-content\/uploads\/2010\/11\/monde5-300x217.jpg 300w, https:\/\/www.jeancharlespichon.com\/wp\/wp-content\/uploads\/2010\/11\/monde5.jpg 442w\" sizes=\"auto, (max-width: 300px) 100vw, 300px\" \/><\/a><\/span><\/span><p id=\"caption-attachment-269\" class=\"wp-caption-text\">Illustration Pierre-Jean Debenat<\/p><\/div>\n<p style=\"text-align: center;\"><span style=\"font-family: arial; font-size: medium;\">II<\/span><\/p>\n<p style=\"text-align: center;\"><span style=\"font-family: arial; font-size: medium;\">Des b\u00eates rouges me regardent<\/span><\/p>\n<p style=\"text-align: center;\"><span style=\"font-family: arial; font-size: medium;\">du bord des balcons ouvrag\u00e9s<\/span><\/p>\n<p style=\"text-align: center;\"><span style=\"font-family: arial; font-size: medium;\">imaginant mes yeux chang\u00e9s en  diamants<\/span><\/p>\n<p style=\"text-align: center;\"><span style=\"font-family: arial; font-size: medium;\">ornant la bouche d&rsquo;une idole<\/span><\/p>\n<p style=\"text-align: center;\"><span style=\"font-family: arial; font-size: medium;\">imaginant mes pieds d&rsquo;argent sur la  for\u00eat<\/span><\/p>\n<p style=\"text-align: center;\"><span style=\"font-family: arial; font-size: medium;\">comme une tour d&rsquo;o\u00f9 l&rsquo;on foudroierait  l&rsquo;ennemi.<\/span><\/p>\n<p style=\"text-align: center;\"><span style=\"font-family: arial; font-size: medium;\">Des b\u00eates lentes murmurantes<\/span><\/p>\n<p style=\"text-align: center;\"><span style=\"font-family: arial; font-size: medium;\">qui s&rsquo;\u00e9vadent en pleurs au milieu d&rsquo;un  repas de viande.<\/span><\/p>\n<p style=\"text-align: center;\"><span style=\"font-family: arial; font-size: medium;\"> <\/span><\/p>\n<div id=\"attachment_270\" style=\"width: 310px\" class=\"wp-caption aligncenter\"><span><a href=\"http:\/\/www.jeancharlespichon.com\/wp\/wp-content\/uploads\/2010\/11\/monde6.jpg\"><img loading=\"lazy\" decoding=\"async\" aria-describedby=\"caption-attachment-270\" class=\"size-medium wp-image-270\" title=\"monde6\" src=\"http:\/\/www.jeancharlespichon.com\/wp\/wp-content\/uploads\/2010\/11\/monde6-300x213.jpg\" alt=\"\" width=\"300\" height=\"213\" srcset=\"https:\/\/www.jeancharlespichon.com\/wp\/wp-content\/uploads\/2010\/11\/monde6-300x213.jpg 300w, https:\/\/www.jeancharlespichon.com\/wp\/wp-content\/uploads\/2010\/11\/monde6.jpg 443w\" sizes=\"auto, (max-width: 300px) 100vw, 300px\" \/><\/a><\/span><p id=\"caption-attachment-270\" class=\"wp-caption-text\">Illustration Pierre-Jean Debenat<\/p><\/div>\n<p style=\"text-align: center;\"><span style=\"font-family: arial; font-size: medium;\">Des b\u00eates veules m\u00e9dus\u00e9es<\/span><\/p>\n<p style=\"text-align: center;\"><span style=\"font-family: arial; font-size: medium;\">par le sourire des infantes<\/span><\/p>\n<p style=\"text-align: center;\"><span style=\"font-family: arial; font-size: medium;\">et pi\u00e9tin\u00e9es par leurs propres  d\u00e9sirs<\/span><\/p>\n<p style=\"text-align: center;\"><span style=\"font-family: arial; font-size: medium;\">comme des chiens rong\u00e9s par la  tuberculose.<\/span><\/p>\n<p style=\"text-align: center;\"><span style=\"font-family: arial; font-size: medium;\"> <\/span><\/p>\n<div id=\"attachment_271\" style=\"width: 310px\" class=\"wp-caption aligncenter\"><span><a href=\"http:\/\/www.jeancharlespichon.com\/wp\/wp-content\/uploads\/2010\/11\/monde7.jpg\"><img loading=\"lazy\" decoding=\"async\" aria-describedby=\"caption-attachment-271\" class=\"size-medium wp-image-271\" title=\"monde7\" src=\"http:\/\/www.jeancharlespichon.com\/wp\/wp-content\/uploads\/2010\/11\/monde7-300x220.jpg\" alt=\"\" width=\"300\" height=\"220\" srcset=\"https:\/\/www.jeancharlespichon.com\/wp\/wp-content\/uploads\/2010\/11\/monde7-300x220.jpg 300w, https:\/\/www.jeancharlespichon.com\/wp\/wp-content\/uploads\/2010\/11\/monde7.jpg 441w\" sizes=\"auto, (max-width: 300px) 100vw, 300px\" \/><\/a><\/span><p id=\"caption-attachment-271\" class=\"wp-caption-text\">Illustration Pierre-Jean Debenat<\/p><\/div>\n<p style=\"text-align: center;\"><span style=\"font-family: arial; font-size: medium;\">Il y a des si\u00e8cles de  souffrance<\/span><\/p>\n<p style=\"text-align: center;\"><span style=\"font-family: arial; font-size: medium;\">derri\u00e8re moi<\/span><\/p>\n<p style=\"text-align: center;\"><span style=\"font-family: arial; font-size: medium;\">des ombres vont s&rsquo;interrogeant sur la  d\u00e9livrance de l&rsquo;homme.<\/span><\/p>\n<p style=\"text-align: center;\"><span style=\"font-family: arial; font-size: medium;\"> <\/span><\/p>\n<div id=\"attachment_272\" style=\"width: 310px\" class=\"wp-caption aligncenter\"><span><a href=\"http:\/\/www.jeancharlespichon.com\/wp\/wp-content\/uploads\/2010\/11\/monde8.jpg\"><img loading=\"lazy\" decoding=\"async\" aria-describedby=\"caption-attachment-272\" class=\"size-medium wp-image-272\" title=\"monde8\" src=\"http:\/\/www.jeancharlespichon.com\/wp\/wp-content\/uploads\/2010\/11\/monde8-300x218.jpg\" alt=\"\" width=\"300\" height=\"218\" srcset=\"https:\/\/www.jeancharlespichon.com\/wp\/wp-content\/uploads\/2010\/11\/monde8-300x218.jpg 300w, https:\/\/www.jeancharlespichon.com\/wp\/wp-content\/uploads\/2010\/11\/monde8.jpg 440w\" sizes=\"auto, (max-width: 300px) 100vw, 300px\" \/><\/a><\/span><p id=\"caption-attachment-272\" class=\"wp-caption-text\">Illustration Pierre-Jean Debenat<\/p><\/div>\n<p style=\"text-align: center;\"><span style=\"font-family: arial; font-size: medium;\">L&rsquo;homme<\/span><\/p>\n<p style=\"text-align: center;\"><span style=\"font-family: arial; font-size: medium;\">de m\u00e9tal orne ses ongles<\/span><\/p>\n<p style=\"text-align: center;\"><span style=\"font-family: arial; font-size: medium;\">et ses cheveux de parfums  animaux<\/span><\/p>\n<p style=\"text-align: center;\"><span style=\"font-family: arial; font-size: medium;\">l&rsquo;homme apprend le langage indistinct  des torrents <\/span><\/p>\n<p style=\"text-align: center;\"><span style=\"font-family: arial; font-size: medium;\">et bave dans les sources.<\/span><\/p>\n<p style=\"text-align: center;\"><span style=\"font-family: arial; font-size: medium;\"> <\/span><\/p>\n<div id=\"attachment_273\" style=\"width: 310px\" class=\"wp-caption aligncenter\"><span><a href=\"http:\/\/www.jeancharlespichon.com\/wp\/wp-content\/uploads\/2010\/11\/monde9.jpg\"><img loading=\"lazy\" decoding=\"async\" aria-describedby=\"caption-attachment-273\" class=\"size-medium wp-image-273\" title=\"monde9\" src=\"http:\/\/www.jeancharlespichon.com\/wp\/wp-content\/uploads\/2010\/11\/monde9-300x217.jpg\" alt=\"\" width=\"300\" height=\"217\" srcset=\"https:\/\/www.jeancharlespichon.com\/wp\/wp-content\/uploads\/2010\/11\/monde9-300x217.jpg 300w, https:\/\/www.jeancharlespichon.com\/wp\/wp-content\/uploads\/2010\/11\/monde9.jpg 440w\" sizes=\"auto, (max-width: 300px) 100vw, 300px\" \/><\/a><\/span><p id=\"caption-attachment-273\" class=\"wp-caption-text\">Illustration Pierre-Jean Debenat<\/p><\/div>\n<p style=\"text-align: center;\"><span style=\"font-family: arial; font-size: medium;\">Il y a des si\u00e8cles de  souffrance<\/span><\/p>\n<p style=\"text-align: center;\"><span style=\"font-family: arial; font-size: medium;\">de cris jet\u00e9s comme l&rsquo;enfant envoie au  ciel son cerf-volant<\/span><\/p>\n<p style=\"text-align: center;\"><span style=\"font-family: arial; font-size: medium;\">sans abandonner le bout de la  corde<\/span><\/p>\n<p style=\"text-align: center;\"><span style=\"font-family: arial; font-size: medium;\">il y a des regrets de ne plus trouver de  femme assez belle<\/span><\/p>\n<p style=\"text-align: center;\"><span style=\"font-family: arial; font-size: medium;\">pour valoir d&rsquo;\u00eatre tortur\u00e9e<\/span><\/p>\n<p style=\"text-align: center;\"><span style=\"font-family: arial; font-size: medium;\">des regrets de plaies b\u00e9antes<\/span><\/p>\n<p style=\"text-align: center;\"><span style=\"font-family: arial; font-size: medium;\">saignant \u00e9ternellement.<\/span><\/p>\n<p style=\"text-align: center;\"><span style=\"font-family: arial; font-size: medium;\"> <\/span><\/p>\n<div id=\"attachment_274\" style=\"width: 310px\" class=\"wp-caption aligncenter\"><span><a href=\"http:\/\/www.jeancharlespichon.com\/wp\/wp-content\/uploads\/2010\/11\/monde10.jpg\"><img loading=\"lazy\" decoding=\"async\" aria-describedby=\"caption-attachment-274\" class=\"size-medium wp-image-274\" title=\"monde10\" src=\"http:\/\/www.jeancharlespichon.com\/wp\/wp-content\/uploads\/2010\/11\/monde10-300x217.jpg\" alt=\"\" width=\"300\" height=\"217\" srcset=\"https:\/\/www.jeancharlespichon.com\/wp\/wp-content\/uploads\/2010\/11\/monde10-300x217.jpg 300w, https:\/\/www.jeancharlespichon.com\/wp\/wp-content\/uploads\/2010\/11\/monde10.jpg 437w\" sizes=\"auto, (max-width: 300px) 100vw, 300px\" \/><\/a><\/span><p id=\"caption-attachment-274\" class=\"wp-caption-text\">Illustration Pierre-Jean Debenat<\/p><\/div>\n<p style=\"text-align: center;\"><span style=\"font-family: arial; font-size: medium;\">Et puis il y des soifs qui  naissent<\/span><\/p>\n<p style=\"text-align: center;\"><span style=\"font-family: arial; font-size: medium;\">comme une source d&rsquo;eau trop douce dans  la mer.<\/span><\/p>\n<p style=\"text-align: center;\"><span style=\"font-family: arial; font-size: medium;\"> <\/span><\/p>\n<div id=\"attachment_275\" style=\"width: 310px\" class=\"wp-caption aligncenter\"><span><a href=\"http:\/\/www.jeancharlespichon.com\/wp\/wp-content\/uploads\/2010\/11\/monde11.jpg\"><img loading=\"lazy\" decoding=\"async\" aria-describedby=\"caption-attachment-275\" class=\"size-medium wp-image-275\" title=\"monde11\" src=\"http:\/\/www.jeancharlespichon.com\/wp\/wp-content\/uploads\/2010\/11\/monde11-300x220.jpg\" alt=\"\" width=\"300\" height=\"220\" srcset=\"https:\/\/www.jeancharlespichon.com\/wp\/wp-content\/uploads\/2010\/11\/monde11-300x220.jpg 300w, https:\/\/www.jeancharlespichon.com\/wp\/wp-content\/uploads\/2010\/11\/monde11.jpg 434w\" sizes=\"auto, (max-width: 300px) 100vw, 300px\" \/><\/a><\/span><p id=\"caption-attachment-275\" class=\"wp-caption-text\">Illustration Pierre-Jean Debenat<\/p><\/div>\n<p style=\"text-align: center;\"><span style=\"font-family: arial; font-size: medium;\">III<\/span><\/p>\n<p style=\"text-align: center;\"><span style=\"font-family: arial; font-size: medium;\">Des b\u00eates bleues et d\u00e9chir\u00e9es<\/span><\/p>\n<p style=\"text-align: center;\"><span style=\"font-family: arial; font-size: medium;\">des b\u00eates<\/span><\/p>\n<p style=\"text-align: center;\"><span style=\"font-family: arial; font-size: medium;\">qu&rsquo;on dit apprivois\u00e9es <\/span><\/p>\n<p style=\"text-align: center;\"><span style=\"font-family: arial; font-size: medium;\">se cognent entre elles avec des  rires<\/span><\/p>\n<p style=\"text-align: center;\"><span style=\"font-family: arial; font-size: medium;\">imaginant le mot qui permet de  s&rsquo;unir<\/span><\/p>\n<p style=\"text-align: center;\"><span style=\"font-family: arial; font-size: medium;\">hors des combats f\u00e9roces hors des  rires.<\/span><\/p>\n<p style=\"text-align: center;\"><span style=\"font-family: arial; font-size: medium;\"> <\/span><\/p>\n<div id=\"attachment_276\" style=\"width: 310px\" class=\"wp-caption aligncenter\"><span><a href=\"http:\/\/www.jeancharlespichon.com\/wp\/wp-content\/uploads\/2010\/11\/monde12.jpg\"><img loading=\"lazy\" decoding=\"async\" aria-describedby=\"caption-attachment-276\" class=\"size-medium wp-image-276\" title=\"monde12\" src=\"http:\/\/www.jeancharlespichon.com\/wp\/wp-content\/uploads\/2010\/11\/monde12-300x219.jpg\" alt=\"\" width=\"300\" height=\"219\" srcset=\"https:\/\/www.jeancharlespichon.com\/wp\/wp-content\/uploads\/2010\/11\/monde12-300x219.jpg 300w, https:\/\/www.jeancharlespichon.com\/wp\/wp-content\/uploads\/2010\/11\/monde12.jpg 435w\" sizes=\"auto, (max-width: 300px) 100vw, 300px\" \/><\/a><\/span><p id=\"caption-attachment-276\" class=\"wp-caption-text\">Illustration Pierre-Jean Debenat<\/p><\/div>\n<p style=\"text-align: center;\"><span style=\"font-family: arial; font-size: medium;\">Des b\u00eates apeur\u00e9es par le son des  fanfares<\/span><\/p>\n<p style=\"text-align: center;\"><span style=\"font-family: arial; font-size: medium;\">et le pas des guerriers.<\/span><\/p>\n<p style=\"text-align: center;\"><span style=\"font-family: arial; font-size: medium;\"> <\/span><\/p>\n<div id=\"attachment_277\" style=\"width: 310px\" class=\"wp-caption aligncenter\"><span><a href=\"http:\/\/www.jeancharlespichon.com\/wp\/wp-content\/uploads\/2010\/11\/monde13.jpg\"><img loading=\"lazy\" decoding=\"async\" aria-describedby=\"caption-attachment-277\" class=\"size-medium wp-image-277\" title=\"monde13\" src=\"http:\/\/www.jeancharlespichon.com\/wp\/wp-content\/uploads\/2010\/11\/monde13-300x212.jpg\" alt=\"\" width=\"300\" height=\"212\" srcset=\"https:\/\/www.jeancharlespichon.com\/wp\/wp-content\/uploads\/2010\/11\/monde13-300x212.jpg 300w, https:\/\/www.jeancharlespichon.com\/wp\/wp-content\/uploads\/2010\/11\/monde13.jpg 434w\" sizes=\"auto, (max-width: 300px) 100vw, 300px\" \/><\/a><\/span><p id=\"caption-attachment-277\" class=\"wp-caption-text\">Illustration Pierre-Jean Debenat<\/p><\/div>\n<p style=\"text-align: center;\"><span style=\"font-family: arial; font-size: medium;\">Des b\u00eates ardentes mais sommeillantes  dans leur ardeur<\/span><\/p>\n<p style=\"text-align: center;\"><span style=\"font-family: arial; font-size: medium;\">et qui aiguisent sans jamais dire  pourquoi<\/span><\/p>\n<p style=\"text-align: center;\"><span style=\"font-family: arial; font-size: medium;\">des griffes dans leur c\u0153ur des ongles  dans leur ventre.<\/span><\/p>\n<p style=\"text-align: center;\"><span style=\"font-family: arial; font-size: medium;\"> <\/span><\/p>\n<div id=\"attachment_278\" style=\"width: 310px\" class=\"wp-caption aligncenter\"><span><a href=\"http:\/\/www.jeancharlespichon.com\/wp\/wp-content\/uploads\/2010\/11\/monde14.jpg\"><img loading=\"lazy\" decoding=\"async\" aria-describedby=\"caption-attachment-278\" class=\"size-medium wp-image-278\" title=\"monde14\" src=\"http:\/\/www.jeancharlespichon.com\/wp\/wp-content\/uploads\/2010\/11\/monde14-300x219.jpg\" alt=\"\" width=\"300\" height=\"219\" srcset=\"https:\/\/www.jeancharlespichon.com\/wp\/wp-content\/uploads\/2010\/11\/monde14-300x219.jpg 300w, https:\/\/www.jeancharlespichon.com\/wp\/wp-content\/uploads\/2010\/11\/monde14.jpg 442w\" sizes=\"auto, (max-width: 300px) 100vw, 300px\" \/><\/a><\/span><p id=\"caption-attachment-278\" class=\"wp-caption-text\">Illustration Pierre-Jean Debenat<\/p><\/div>\n<p style=\"text-align: center;\"><span style=\"font-family: arial; font-size: medium;\">Des b\u00eates qui bougent trop  lentement<\/span><\/p>\n<p style=\"text-align: center;\"><span style=\"font-family: arial; font-size: medium;\">pour \u00e9viter les tremblements de  terre.<\/span><\/p>\n<p style=\"text-align: center;\"><span style=\"font-family: arial; font-size: medium;\"> <\/span><\/p>\n<div id=\"attachment_279\" style=\"width: 310px\" class=\"wp-caption aligncenter\"><span><a href=\"http:\/\/www.jeancharlespichon.com\/wp\/wp-content\/uploads\/2010\/11\/monde15.jpg\"><img loading=\"lazy\" decoding=\"async\" aria-describedby=\"caption-attachment-279\" class=\"size-medium wp-image-279\" title=\"monde15\" src=\"http:\/\/www.jeancharlespichon.com\/wp\/wp-content\/uploads\/2010\/11\/monde15-300x220.jpg\" alt=\"\" width=\"300\" height=\"220\" srcset=\"https:\/\/www.jeancharlespichon.com\/wp\/wp-content\/uploads\/2010\/11\/monde15-300x220.jpg 300w, https:\/\/www.jeancharlespichon.com\/wp\/wp-content\/uploads\/2010\/11\/monde15.jpg 440w\" sizes=\"auto, (max-width: 300px) 100vw, 300px\" \/><\/a><\/span><p id=\"caption-attachment-279\" class=\"wp-caption-text\">Illustration Pierre-Jean Debenat<\/p><\/div>\n<p style=\"text-align: center;\"><span style=\"font-family: arial; font-size: medium;\">Il y a des si\u00e8cles de  courages<\/span><\/p>\n<p style=\"text-align: center;\"><span style=\"font-family: arial; font-size: medium;\">derri\u00e8re moi <\/span><\/p>\n<p style=\"text-align: center;\"><span style=\"font-family: arial; font-size: medium;\">des si\u00e8cles de courage<\/span><\/p>\n<p style=\"text-align: center;\"><span style=\"font-family: arial; font-size: medium;\">crus perdus retrouv\u00e9s au hasard des  saisons <\/span><\/p>\n<p style=\"text-align: center;\"><span style=\"font-family: arial; font-size: medium;\">au hasard des maisons sur les routes du  monde.<\/span><\/p>\n<p style=\"text-align: center;\"><span style=\"font-family: arial; font-size: medium;\"> <\/span><\/p>\n<div id=\"attachment_280\" style=\"width: 310px\" class=\"wp-caption aligncenter\"><span><a href=\"http:\/\/www.jeancharlespichon.com\/wp\/wp-content\/uploads\/2010\/11\/monde16.jpg\"><img loading=\"lazy\" decoding=\"async\" aria-describedby=\"caption-attachment-280\" class=\"size-medium wp-image-280\" title=\"monde16\" src=\"http:\/\/www.jeancharlespichon.com\/wp\/wp-content\/uploads\/2010\/11\/monde16-300x221.jpg\" alt=\"\" width=\"300\" height=\"221\" srcset=\"https:\/\/www.jeancharlespichon.com\/wp\/wp-content\/uploads\/2010\/11\/monde16-300x221.jpg 300w, https:\/\/www.jeancharlespichon.com\/wp\/wp-content\/uploads\/2010\/11\/monde16.jpg 433w\" sizes=\"auto, (max-width: 300px) 100vw, 300px\" \/><\/a><\/span><p id=\"caption-attachment-280\" class=\"wp-caption-text\">Illustration Pierre-Jean Debenat<\/p><\/div>\n<p style=\"text-align: center;\"><span style=\"font-family: arial; font-size: medium;\">IV<\/span><\/p>\n<p style=\"text-align: center;\"><span style=\"font-family: arial; font-size: medium;\">Des b\u00eates sans couleur des prismes de  lumi\u00e8re<\/span><\/p>\n<p style=\"text-align: center;\"><span style=\"font-family: arial; font-size: medium;\">se sont hauss\u00e9es sur la t\u00eate du  monde<\/span><\/p>\n<p style=\"text-align: center;\"><span style=\"font-family: arial; font-size: medium;\">et me regardent<\/span><\/p>\n<p style=\"text-align: center;\"><span style=\"font-family: arial; font-size: medium;\">et cherchent dans mes yeux le reflet des  nuages<\/span><\/p>\n<p style=\"text-align: center;\"><span style=\"font-family: arial; font-size: medium;\">et sur ma bouche l&rsquo;amertume de leurs  soifs.<\/span><\/p>\n<p style=\"text-align: center;\"><span style=\"font-family: arial; font-size: medium;\"> <\/span><\/p>\n<div id=\"attachment_281\" style=\"width: 310px\" class=\"wp-caption aligncenter\"><span><a href=\"http:\/\/www.jeancharlespichon.com\/wp\/wp-content\/uploads\/2010\/11\/monde17.jpg\"><img loading=\"lazy\" decoding=\"async\" aria-describedby=\"caption-attachment-281\" class=\"size-medium wp-image-281\" title=\"monde17\" src=\"http:\/\/www.jeancharlespichon.com\/wp\/wp-content\/uploads\/2010\/11\/monde17-300x220.jpg\" alt=\"\" width=\"300\" height=\"220\" srcset=\"https:\/\/www.jeancharlespichon.com\/wp\/wp-content\/uploads\/2010\/11\/monde17-300x220.jpg 300w, https:\/\/www.jeancharlespichon.com\/wp\/wp-content\/uploads\/2010\/11\/monde17.jpg 436w\" sizes=\"auto, (max-width: 300px) 100vw, 300px\" \/><\/a><\/span><p id=\"caption-attachment-281\" class=\"wp-caption-text\">Illustration Pierre-Jean Debenat<\/p><\/div>\n<p style=\"text-align: center;\"><span style=\"font-family: arial; font-size: medium;\">Des b\u00eates riches en savoir des b\u00eates  lentes<\/span><\/p>\n<p style=\"text-align: center;\"><span style=\"font-family: arial; font-size: medium;\">comme toutes les vieilles  gens<\/span><\/p>\n<p style=\"text-align: center;\"><span style=\"font-family: arial; font-size: medium;\">des b\u00eates qui n&rsquo;ont pas trouv\u00e9 la plaie  saignante<\/span><\/p>\n<p style=\"text-align: center;\"><span style=\"font-family: arial; font-size: medium;\">dont on jouit pour  l&rsquo;\u00e9ternit\u00e9.<\/span><\/p>\n<p style=\"text-align: center;\"><span style=\"font-family: arial; font-size: medium;\"> <\/span><\/p>\n<div id=\"attachment_282\" style=\"width: 310px\" class=\"wp-caption aligncenter\"><span><a href=\"http:\/\/www.jeancharlespichon.com\/wp\/wp-content\/uploads\/2010\/11\/monde18.jpg\"><img loading=\"lazy\" decoding=\"async\" aria-describedby=\"caption-attachment-282\" class=\"size-medium wp-image-282\" title=\"monde18\" src=\"http:\/\/www.jeancharlespichon.com\/wp\/wp-content\/uploads\/2010\/11\/monde18-300x219.jpg\" alt=\"\" width=\"300\" height=\"219\" srcset=\"https:\/\/www.jeancharlespichon.com\/wp\/wp-content\/uploads\/2010\/11\/monde18-300x219.jpg 300w, https:\/\/www.jeancharlespichon.com\/wp\/wp-content\/uploads\/2010\/11\/monde18.jpg 440w\" sizes=\"auto, (max-width: 300px) 100vw, 300px\" \/><\/a><\/span><p id=\"caption-attachment-282\" class=\"wp-caption-text\">Illustration Pierre-Jean Debenat<\/p><\/div>\n<p style=\"text-align: center;\"><span style=\"font-family: arial; font-size: medium;\">Des b\u00eates vieilles en terreur<\/span><\/p>\n<p style=\"text-align: center;\"><span style=\"font-family: arial; font-size: medium;\">des b\u00eates jeunes en venin<\/span><\/p>\n<p style=\"text-align: center;\"><span style=\"font-family: arial; font-size: medium;\">qui s\u00e9rieusement songent<\/span><\/p>\n<p style=\"text-align: center;\"><span style=\"font-family: arial; font-size: medium;\">au proc\u00e8s de la terre.<\/span><\/p>\n<p style=\"text-align: center;\"><span style=\"font-family: arial; font-size: medium;\"> <\/span><\/p>\n<div id=\"attachment_283\" style=\"width: 310px\" class=\"wp-caption aligncenter\"><span><a href=\"http:\/\/www.jeancharlespichon.com\/wp\/wp-content\/uploads\/2010\/11\/monde19.jpg\"><img loading=\"lazy\" decoding=\"async\" aria-describedby=\"caption-attachment-283\" class=\"size-medium wp-image-283\" title=\"monde19\" src=\"http:\/\/www.jeancharlespichon.com\/wp\/wp-content\/uploads\/2010\/11\/monde19-300x222.jpg\" alt=\"\" width=\"300\" height=\"222\" srcset=\"https:\/\/www.jeancharlespichon.com\/wp\/wp-content\/uploads\/2010\/11\/monde19-300x222.jpg 300w, https:\/\/www.jeancharlespichon.com\/wp\/wp-content\/uploads\/2010\/11\/monde19.jpg 440w\" sizes=\"auto, (max-width: 300px) 100vw, 300px\" \/><\/a><\/span><p id=\"caption-attachment-283\" class=\"wp-caption-text\">Illustration Pierre-Jean Debenat<\/p><\/div>\n<p style=\"text-align: center;\"><span style=\"font-family: arial; font-size: medium;\">Il y a des si\u00e8cles de n\u00e9goce<\/span><\/p>\n<p style=\"text-align: center;\"><span style=\"font-family: arial; font-size: medium;\">derri\u00e8re moi<\/span><\/p>\n<p style=\"text-align: center;\"><span style=\"font-family: arial; font-size: medium;\">d&rsquo;\u00e9tonnants labyrinthes<\/span><\/p>\n<p style=\"text-align: center;\"><span style=\"font-family: arial; font-size: medium;\">o\u00f9 se creusent des grottes<\/span><\/p>\n<p style=\"text-align: center;\"><span style=\"font-family: arial; font-size: medium;\">faites comme des plaintes.<\/span><\/p>\n<p style=\"text-align: center;\"><span style=\"font-family: arial; font-size: medium;\"> <\/span><\/p>\n<div id=\"attachment_284\" style=\"width: 310px\" class=\"wp-caption aligncenter\"><span><a href=\"http:\/\/www.jeancharlespichon.com\/wp\/wp-content\/uploads\/2010\/11\/monde20.jpg\"><img loading=\"lazy\" decoding=\"async\" aria-describedby=\"caption-attachment-284\" class=\"size-medium wp-image-284\" title=\"monde20\" src=\"http:\/\/www.jeancharlespichon.com\/wp\/wp-content\/uploads\/2010\/11\/monde20-300x218.jpg\" alt=\"\" width=\"300\" height=\"218\" srcset=\"https:\/\/www.jeancharlespichon.com\/wp\/wp-content\/uploads\/2010\/11\/monde20-300x218.jpg 300w, https:\/\/www.jeancharlespichon.com\/wp\/wp-content\/uploads\/2010\/11\/monde20.jpg 443w\" sizes=\"auto, (max-width: 300px) 100vw, 300px\" \/><\/a><\/span><p id=\"caption-attachment-284\" class=\"wp-caption-text\">Illustration Pierre-Jean Debenat<\/p><\/div>\n<p style=\"text-align: center;\"><span style=\"font-family: arial; font-size: medium;\">Il y a des si\u00e8cles de n\u00e9goce<\/span><\/p>\n<p style=\"text-align: center;\"><span style=\"font-family: arial; font-size: medium;\">de passions de compensations<\/span><\/p>\n<p style=\"text-align: center;\"><span style=\"font-family: arial; font-size: medium;\">de marchandages.<\/span><\/p>\n<p style=\"text-align: center;\"><span style=\"font-family: arial; font-size: medium;\"> <\/span><\/p>\n<div id=\"attachment_285\" style=\"width: 310px\" class=\"wp-caption aligncenter\"><span><a href=\"http:\/\/www.jeancharlespichon.com\/wp\/wp-content\/uploads\/2010\/11\/monde21.jpg\"><img loading=\"lazy\" decoding=\"async\" aria-describedby=\"caption-attachment-285\" class=\"size-medium wp-image-285\" title=\"monde21\" src=\"http:\/\/www.jeancharlespichon.com\/wp\/wp-content\/uploads\/2010\/11\/monde21-300x217.jpg\" alt=\"\" width=\"300\" height=\"217\" srcset=\"https:\/\/www.jeancharlespichon.com\/wp\/wp-content\/uploads\/2010\/11\/monde21-300x217.jpg 300w, https:\/\/www.jeancharlespichon.com\/wp\/wp-content\/uploads\/2010\/11\/monde21.jpg 438w\" sizes=\"auto, (max-width: 300px) 100vw, 300px\" \/><\/a><\/span><p id=\"caption-attachment-285\" class=\"wp-caption-text\">Illustration Pierre-Jean Debenat<\/p><\/div>\n<p style=\"text-align: center;\"><span style=\"font-family: arial; font-size: medium;\">Et les b\u00eates qui me regardent<\/span><\/p>\n<p style=\"text-align: center;\"><span style=\"font-family: arial; font-size: medium;\">des b\u00eates rouges bleues \u00e0  prismes<\/span><\/p>\n<p style=\"text-align: center;\"><span style=\"font-family: arial; font-size: medium;\">des b\u00eates toutes interdites<\/span><\/p>\n<p style=\"text-align: center;\"><span style=\"font-family: arial; font-size: medium;\">de leur b\u00eatise<\/span><\/p>\n<p style=\"text-align: center;\"><span style=\"font-family: arial; font-size: medium;\">regrettent doucement doucement  doucement<\/span><\/p>\n<p style=\"text-align: center;\"><span style=\"font-family: arial; font-size: medium;\">doucement.<\/span><\/p>\n<p style=\"text-align: center;\"><span style=\"font-family: arial; font-size: medium;\"> <\/span><\/p>\n<div id=\"attachment_286\" style=\"width: 310px\" class=\"wp-caption aligncenter\"><span><a href=\"http:\/\/www.jeancharlespichon.com\/wp\/wp-content\/uploads\/2010\/11\/monde22.jpg\"><img loading=\"lazy\" decoding=\"async\" aria-describedby=\"caption-attachment-286\" class=\"size-medium wp-image-286\" title=\"monde22\" src=\"http:\/\/www.jeancharlespichon.com\/wp\/wp-content\/uploads\/2010\/11\/monde22-300x218.jpg\" alt=\"\" width=\"300\" height=\"218\" srcset=\"https:\/\/www.jeancharlespichon.com\/wp\/wp-content\/uploads\/2010\/11\/monde22-300x218.jpg 300w, https:\/\/www.jeancharlespichon.com\/wp\/wp-content\/uploads\/2010\/11\/monde22.jpg 442w\" sizes=\"auto, (max-width: 300px) 100vw, 300px\" \/><\/a><\/span><p id=\"caption-attachment-286\" class=\"wp-caption-text\">Illustration Pierre-Jean Debenat<\/p><\/div>\n<p style=\"text-align: center;\"><span style=\"font-family: arial; font-size: medium;\">Mais il est trop tard car je  nais.<\/span><\/p>\n<p style=\"text-align: center;\"><span style=\"font-family: arial; font-size: medium;\"> <\/span><\/p>\n<div id=\"attachment_287\" style=\"width: 310px\" class=\"wp-caption aligncenter\"><span><a href=\"http:\/\/www.jeancharlespichon.com\/wp\/wp-content\/uploads\/2010\/11\/monde23.jpg\"><img loading=\"lazy\" decoding=\"async\" aria-describedby=\"caption-attachment-287\" class=\"size-medium wp-image-287\" title=\"monde23\" src=\"http:\/\/www.jeancharlespichon.com\/wp\/wp-content\/uploads\/2010\/11\/monde23-300x217.jpg\" alt=\"\" width=\"300\" height=\"217\" srcset=\"https:\/\/www.jeancharlespichon.com\/wp\/wp-content\/uploads\/2010\/11\/monde23-300x217.jpg 300w, https:\/\/www.jeancharlespichon.com\/wp\/wp-content\/uploads\/2010\/11\/monde23.jpg 448w\" sizes=\"auto, (max-width: 300px) 100vw, 300px\" \/><\/a><\/span><p id=\"caption-attachment-287\" class=\"wp-caption-text\">Illustration Pierre-Jean Debenat<\/p><\/div>\n<p><strong>Jean-Charles Pichon<\/strong><\/p>\n<p style=\"text-align: center;\">\n<p style=\"text-align: center;\"><span style=\"font-family: times; font-size: medium;\"><span style=\"font-family: arial;\"><br \/>\n<\/span><br \/>\n<\/span><\/p>\n","protected":false},"excerpt":{"rendered":"<p>Un Monde en Creux Ou Les m\u00e9moires de la f\u00e9e In\u00e9dit (1974) I Des b\u00eates vertes me regardent imaginant un monde o\u00f9 je ne serai plus imaginant mon \u0153il sous leurs paupi\u00e8res baiss\u00e9es parmi les \u00e9clairs de la nuit. Des &hellip; <a href=\"https:\/\/www.jeancharlespichon.com\/wp\/?p=263\">Continuer la lecture <span class=\"meta-nav\">&rarr;<\/span><\/a><\/p>\n","protected":false},"author":1,"featured_media":0,"comment_status":"open","ping_status":"open","sticky":false,"template":"","format":"standard","meta":{"footnotes":""},"categories":[19],"tags":[],"class_list":["post-263","post","type-post","status-publish","format-standard","hentry","category-poesies"],"_links":{"self":[{"href":"https:\/\/www.jeancharlespichon.com\/wp\/index.php?rest_route=\/wp\/v2\/posts\/263","targetHints":{"allow":["GET"]}}],"collection":[{"href":"https:\/\/www.jeancharlespichon.com\/wp\/index.php?rest_route=\/wp\/v2\/posts"}],"about":[{"href":"https:\/\/www.jeancharlespichon.com\/wp\/index.php?rest_route=\/wp\/v2\/types\/post"}],"author":[{"embeddable":true,"href":"https:\/\/www.jeancharlespichon.com\/wp\/index.php?rest_route=\/wp\/v2\/users\/1"}],"replies":[{"embeddable":true,"href":"https:\/\/www.jeancharlespichon.com\/wp\/index.php?rest_route=%2Fwp%2Fv2%2Fcomments&post=263"}],"version-history":[{"count":4,"href":"https:\/\/www.jeancharlespichon.com\/wp\/index.php?rest_route=\/wp\/v2\/posts\/263\/revisions"}],"predecessor-version":[{"id":290,"href":"https:\/\/www.jeancharlespichon.com\/wp\/index.php?rest_route=\/wp\/v2\/posts\/263\/revisions\/290"}],"wp:attachment":[{"href":"https:\/\/www.jeancharlespichon.com\/wp\/index.php?rest_route=%2Fwp%2Fv2%2Fmedia&parent=263"}],"wp:term":[{"taxonomy":"category","embeddable":true,"href":"https:\/\/www.jeancharlespichon.com\/wp\/index.php?rest_route=%2Fwp%2Fv2%2Fcategories&post=263"},{"taxonomy":"post_tag","embeddable":true,"href":"https:\/\/www.jeancharlespichon.com\/wp\/index.php?rest_route=%2Fwp%2Fv2%2Ftags&post=263"}],"curies":[{"name":"wp","href":"https:\/\/api.w.org\/{rel}","templated":true}]}}