{"id":2589,"date":"2013-02-23T16:02:14","date_gmt":"2013-02-23T14:02:14","guid":{"rendered":"http:\/\/www.jeancharlespichon.com\/wp\/?p=2589"},"modified":"2013-02-24T18:13:26","modified_gmt":"2013-02-24T16:13:26","slug":"le-citoyen-du-monde","status":"publish","type":"post","link":"https:\/\/www.jeancharlespichon.com\/wp\/?p=2589","title":{"rendered":"LE CITOYEN DU MONDE"},"content":{"rendered":"<h1 align=\"center\"><b>JEAN-CHARLES PICHON<\/b><\/h1>\n<h1 align=\"center\"><b>\u00ab\u00a0LE CITOYEN DU MONDE\u00a0\u00bb<\/b><\/h1>\n<p style=\"text-align: center;\"><a href=\"http:\/\/www.jeancharlespichon.com\/wp\/wp-content\/uploads\/2013\/02\/CITOYEN.jpg\"><img loading=\"lazy\" decoding=\"async\" class=\"aligncenter size-full wp-image-2590\" alt=\"CITOYEN\" src=\"http:\/\/www.jeancharlespichon.com\/wp\/wp-content\/uploads\/2013\/02\/CITOYEN.jpg\" width=\"650\" height=\"866\" \/><\/a><\/p>\n<p align=\"center\"><b>\u00a0<\/b><\/p>\n<p style=\"text-align: justify;\">De la fin 1949 jusqu\u2019en avril 1951, Jean-Charles Pichon collabora au journal \u00ab\u00a0Le Citoyen du Monde\u00a0\u00bb. Porte-parole en langue fran\u00e7aise du Mouvement fond\u00e9 par Garry Davis, ce journal \u00e9tait constitu\u00e9 d\u2019une \u00e9quipe de romanciers, de po\u00e8tes et d\u2019intellectuels en majorit\u00e9 issus de la mouvance anarchiste. Ils se retrouvaient pour promouvoir le pacifisme, l\u2019objection de conscience et la d\u00e9sob\u00e9issance civile \u2014 ce qui demandait du courage en ce temps-l\u00e0\u00a0!<\/p>\n<p style=\"text-align: justify;\">Nous avons pu nous procurer un exemplaire de ce journal, dat\u00e9 du 27 janvier 1950. En premi\u00e8re page, Jean-Charles Pichon pr\u00e9sente la nouvelle formule de cet organe de presse, qui devient hebdomadaire. Voici la retranscription de son article.<\/p>\n<h2 align=\"center\"><b><i>Petit Bonhomme<\/i><\/b><\/h2>\n<h2 align=\"center\"><b><i>vit encore<\/i><\/b><\/h2>\n<p align=\"center\"><b><i>\u00a0<\/i><\/b><\/p>\n<p style=\"text-align: justify;\"><b>Ainsi, le \u00ab\u00a0Citoyen du Monde\u00a0\u00bb est devenu hebdomadaire. Ce pas d\u00e9cisif a \u00e9t\u00e9 accompli sans difficult\u00e9, ni tapage, gr\u00e2ce \u00e0 l\u2019esprit d\u2019\u00e9quipe qui nous anime, aux appuis de toutes sortes, techniques et r\u00e9dactionnels, qui nous ont \u00e9t\u00e9 apport\u00e9s.<\/b><\/p>\n<p style=\"text-align: justify;\"><b>Cet important progr\u00e8s nous impose de nouveaux devoirs parmi lesquels, en premier plan, celui d\u2019une am\u00e9lioration incessante de la pr\u00e9sentation et de la qualit\u00e9 du journal.<\/b><\/p>\n<p style=\"text-align: justify;\">C\u2019est ainsi que le titre qui ouvre ce num\u00e9ro de transition est provisoire et que nous rehausserons bient\u00f4t nos textes avec des dessins dus au talent d\u2019une remarquable \u00e9quipe de dessinateurs que nous aurons le plaisir de r\u00e9v\u00e9ler \u00e0 nos lecteurs.<\/p>\n<div id=\"attachment_2591\" style=\"width: 660px\" class=\"wp-caption aligncenter\"><a href=\"http:\/\/www.jeancharlespichon.com\/wp\/wp-content\/uploads\/2013\/02\/CITOYEN002.jpg\"><img loading=\"lazy\" decoding=\"async\" aria-describedby=\"caption-attachment-2591\" class=\"size-full wp-image-2591\" alt=\"La pauvre, la pauvre, la pauvre petite ! Faut-il \u00eatre barbare pour l'enfermer ainsi !\" src=\"http:\/\/www.jeancharlespichon.com\/wp\/wp-content\/uploads\/2013\/02\/CITOYEN002.jpg\" width=\"650\" height=\"471\" srcset=\"https:\/\/www.jeancharlespichon.com\/wp\/wp-content\/uploads\/2013\/02\/CITOYEN002.jpg 650w, https:\/\/www.jeancharlespichon.com\/wp\/wp-content\/uploads\/2013\/02\/CITOYEN002-300x217.jpg 300w\" sizes=\"auto, (max-width: 650px) 100vw, 650px\" \/><\/a><p id=\"caption-attachment-2591\" class=\"wp-caption-text\">La pauvre, la pauvre, la pauvre petite ! Faut-il \u00eatre barbare pour l&rsquo;enfermer ainsi !<\/p><\/div>\n<p style=\"text-align: justify;\">Il nous semble donc opportun, au seuil de la p\u00e9riodicit\u00e9 hebdomadaire, de vous \u00e9clairer sur des les articles, rubriques et chroniques que vous \u00eates certains de trouver d\u00e9sormais en nos colonnes.<\/p>\n<p style=\"text-align: justify;\">En premi\u00e8re page, fid\u00e8le \u00e0 sa discipline de courage et \u00e0 son refus de toute hypocrisie, <i>Le Citoyen du Monde<\/i> continuera de d\u00e9noncer les scandales o\u00f9 qu\u2019ils se cachent, d\u2019opposer aux violences et aux injustices que fomente la raison d\u2019Etat le clair bon sens et la toute simple humanit\u00e9. Faisant suite \u00e0 nos enqu\u00eates (qui ont d\u00e9j\u00e0 fait tant de bruit\u00a0!) sur la v\u00e9ritable situation des indig\u00e8nes au Maroc ou sur les camps de concentration 1950, nous saurons trouver, n\u2019en doutez pas, d\u2019autres reportages vivants et document\u00e9s\u00a0: ce n\u2019est pas la mati\u00e8re qui manque. <i>Le Citoyen du Monde<\/i> \u00e9tant, \u00e0 notre connaissance, le seul hebdomadaire mondialiste de langue fran\u00e7aise diffus\u00e9 dans plusieurs pays, de plus en plus nous entendons aborder tous les probl\u00e8mes d\u2019un point de vue strictement mondial, sans nous arr\u00eater \u00e0 de seules pr\u00e9occupations \u00e9troitement nationales.<\/p>\n<p style=\"text-align: justify;\">Toujours en premi\u00e8re page\u00a0: l\u2019\u00e9ditorial de Bugat, qui donnera le \u00ab\u00a0ton\u00a0\u00bb du journal d\u2019actualit\u00e9.<\/p>\n<p style=\"text-align: justify;\">La deuxi\u00e8me page, consacr\u00e9e \u00e0 l\u2019actualit\u00e9, contiendra, outre nos \u00e9chos \u2014 \u00ab\u00a0Ev\u00e8nements\u00a0\u00bb de Dieudonn\u00e9, et \u00ab\u00a0Pile et Face\u00a0\u00bb, de Markale, dont on appr\u00e9cie le talent et la vigueur \u2014 la chronique de Politique internationale d\u2019Henri de Portelaine qui n\u2019est plus un inconnu pour nos lecteurs. A cette chronique, nous adjoindrons l\u2019\u00e9tude politique plus d\u00e9taill\u00e9e de notre nouveau collaborateur Jean-Charles Demachy.<\/p>\n<p style=\"text-align: justify;\">Les colonnes de cette page seront \u00e9galement ouvertes aux objecteurs de conscience et aux diff\u00e9rentes manifestations suscit\u00e9es, de par le monde, sous le signe de la Non-Violence. Les organisations pacifistes y verront aussi mentionner leurs activit\u00e9s et leurs appels.<\/p>\n<p style=\"text-align: justify;\">Et, toujours en cette \u00ab\u00a0Tribune de la Non-Violence\u00a0\u00bb, nous aurons la joie de publier bient\u00f4t une chronique r\u00e9guli\u00e8re d\u2019Hem Day, membre du Conseil International de l\u2019I.R.C., qui pr\u00e9cisera <i>comment<\/i> la Non-Violence a jusqu\u2019ici fait preuve d\u2019efficacit\u00e9 et comment elle peut \u00eatre d\u00e9cisive d\u00e9sormais. Car si la Non-Violence est pour nous, avant toutes choses, une <i>foi<\/i>, elle doit \u00eatre accompagn\u00e9e de techniques pr\u00e9cises qui ont fait leurs preuves. Ceux qui confondent encore Non-Violence avec passivit\u00e9 apprendront que l\u2019action directe nous est et nous sera de plus en plus famili\u00e8re et que la faiblesse n\u2019est pas dans notre camp.<\/p>\n<p style=\"text-align: justify;\">La troisi\u00e8me page, plus sp\u00e9cialement inspir\u00e9e par la Ligue des Citoyens du Monde, vous tiendra r\u00e9guli\u00e8rement au courant de ses progr\u00e8s et de son expansion. Dans cette page, on pourra lire la suite de notre <i>Histoire des Citoyens du Monde<\/i>, les \u00ab\u00a0<i>Lettres \u00e0 un apprenti Citoyen du Monde<\/i>\u00a0\u00bb, le cours d\u2019Esperanto, notre ancienne rubrique, reprise d\u00e8s ce jour, \u00ab\u00a0<i>Comme on se rencontre avec\u2026<\/i>\u00a0\u00bb et des \u00e9tudes \u00e9conomiques et sociales approfondies pour la r\u00e9daction desquelles nous avons obtenu le concours d\u2019\u00e9minents sp\u00e9cialistes.<\/p>\n<p style=\"text-align: justify;\">On retrouvera r\u00e9guli\u00e8rement la signature de nos r\u00e9dacteurs fid\u00e8les\u00a0: Antoine Allard, Herv\u00e9 Bazin, Banine, de Lacaze-Duthiers, Wintzen, P. Viaud, J. C. Youri, Ph\u00a0; Dumaine, Pierrette Sartin, Marie-Louise Sondaz, A. Prunier, J. Dedisheim-Dumeny, Marcel Rioutord, Roger Cam, Jacques Clair, Jean l\u2019Anselme, J. Cathelin, J. Brasier, H. Perruchot, Robert Morel et l\u2019abb\u00e9 Delmont, auxquels, chaque semaine, viennent se joindre de nouveaux camarades.<\/p>\n<p style=\"text-align: justify;\">Parfois, cette troisi\u00e8me page sera remplac\u00e9e par une page sp\u00e9ciale \u00e0 th\u00e8me. C\u2019est ainsi que notre num\u00e9ro 13 ou 14, reprenant une id\u00e9e justement ch\u00e8re \u00e0 Stop-War, abordera un probl\u00e8me qui fera couler beaucoup d\u2019encre par la suite en raison de la mani\u00e8re dont nous l\u2019aborderons, et en raison des personnalit\u00e9s dont nous aurons recueilli l\u2019interview\u00a0: Le D\u00e9lit d\u2019ob\u00e9issance.<\/p>\n<p style=\"text-align: justify;\">La quatri\u00e8me page, consacr\u00e9e \u00e0 l\u2019amour de l\u2019art, insistera sur le r\u00f4le de l\u2019Art dans le monde de demain, tel que nous d\u00e9sirons qu\u2019il soit. Vous y trouverez nos critiques du cin\u00e9ma, de la radio, des livres, du th\u00e9\u00e2tre, de la peinture par des \u00e9quipes sp\u00e9cialis\u00e9es. Parfois, Philippe Roy dira un mot sur son \u00ab\u00a0Courrier du Bonheur\u00a0\u00bb \u2014 mal interpr\u00e9t\u00e9 par certains, mais tellement approuv\u00e9 par les correspondants de Roy \u2014 et il y aura le conte du <i>Citoyen du Monde<\/i>\u2026 Bient\u00f4t la publication d\u2019un grand roman mondialiste\u2026<\/p>\n<p style=\"text-align: justify;\">Alliant ainsi le souci d\u2019\u00e9duquer au soin de divertir, nous esp\u00e9rons que notre journal aura en lui tous les germes n\u00e9cessaires pour faire de lui, dans un proche avenir, le tr\u00e8s grand journal que nous souhaitons. Le reste ne d\u00e9pend que de vous.<\/p>\n<p>&nbsp;<\/p>\n<p><b>Jean-Charles PICHON,<\/b><\/p>\n<p><i>Secr\u00e9taire g\u00e9n\u00e9ral du \u00ab\u00a0Citoyen du Monde\u00a0\u00bb.<\/i><\/p>\n<p>&nbsp;<\/p>\n<h2 align=\"center\"><b>WALL-STREET JOUERAIT-IL LA NON-VIOLENCE\u00a0?<\/b><\/h2>\n<p align=\"center\"><b>\u00a0<\/b><\/p>\n<p style=\"text-align: justify;\"><b>Sur 40 milliards de dollars de budget annuel, les Am\u00e9ricains avouent consacrer 30 milliards de dollars \u00e0 des d\u00e9penses se rapportant \u00e0 des pr\u00e9occupations d\u2019ordre militaire. Et voici Wall-Street qui grogne contre les exigences sans cesse accrues de ses propres guerriers.<\/b><\/p>\n<p style=\"text-align: justify;\"><b>Il faut pourtant savoir ce que l\u2019on veut.<\/b><\/p>\n<p style=\"text-align: justify;\">Lorsqu\u2019un pays, sous l\u2019effet d\u2019une peur r\u00e9elle ou simul\u00e9e, s\u2019abandonne au point de confier son destin aux mains avides des militaires, il doit trouver dans l\u2019Histoire moderne et contemporaine la pr\u00e9figuration de ce qui lui est r\u00e9serv\u00e9. Avec toutefois ce correctif aggravant que les temps sont d\u00e9finitivement r\u00e9volus, durant lesquels le g\u00e9nie d\u2019un militaire palliait l\u2019insuffisance de ses troupes et de ses approvisionnements. Les g\u00e9n\u00e9raux ont d\u00e9finitivement abandonn\u00e9 la plume au chapeau. Hormis les d\u00e9fil\u00e9s du temps de paix, on ne les voit plus l\u2019\u00e9p\u00e9e haute, \u00e0 la t\u00eate de leurs troupes galvanis\u00e9es et multipli\u00e9es par leur courage. Ils occupent en cas de conflit de profonds sous-sols b\u00e9tonn\u00e9s dont on ne s\u2019approche qu\u2019en suivant une topographie rigoureuse et compliqu\u00e9e et o\u00f9 aboutissent des fils multiples doublant les postes de radio. De l\u00e0 sont transmis les ordres de mouvement et ceux de destruction. Mais il ne s\u2019agit plus, comme en 1940, de \u00ab\u00a0tourner\u00a0\u00bb une position forte, de pr\u00e9parer avec sa de log. et son th\u00e9odolite, un tir de barrage sur un carrefour, un tir de destruction sur une gare r\u00e9gulatrice. Demain, on effacera la montagne qui pourrait g\u00eaner une observation terrestre et compliquer malencontreusement une triangulation savante.<\/p>\n<p style=\"text-align: justify;\">Bien entendu, comme il fallait s\u2019y attendre, ce progr\u00e8s technique est on\u00e9reux. L\u2019emploi exclusif de la main-d\u2019\u0153uvre humaine \u00e0 la guerre \u00e9tait relativement bon march\u00e9. Quelques tonnes de m\u00e9tal pour les armes et les croix d\u2019honneur, une bonne r\u00e9serve de croix de bois, du papier pour les citations, tout cela n\u2019allait pas tr\u00e8s loin, financi\u00e8rement parlant.<\/p>\n<p style=\"text-align: justify;\">Mais les d\u00e9penses s\u2019aggrav\u00e8rent avec l\u2019extension du combat \u00e0 distance. Le mat\u00e9riel militaire est plus exigeant, partant plus cher que la main-d\u2019\u0153uvre humaine. Aussi bien, avec les d\u00e9partements de la marine, de l\u2019aviation, de l\u2019artillerie, du g\u00e9nie et de l\u2019arm\u00e9e de terre, vit-on cro\u00eetre rapidement les budgets militaires, au fur et \u00e0 mesure que mat\u00e9riels et techniques se perfectionnaient.<\/p>\n<p style=\"text-align: justify;\">Naturellement, il ne faut pas confondre les laboratoires de la Marine, de l\u2019Aviation et de l\u2019Arm\u00e9e de terre des U.S.A. avec les amphith\u00e9\u00e2tres charg\u00e9s de gloire historique, o\u00f9 se forment nos futurs strat\u00e8ges occidentaux. Il existe bien l\u00e0-bas de grandes cours dans les casernes et de grands espaces dans les champs o\u00f9 l\u2019on apprend aux jeunes Sammies \u00e0 balayer, \u00e0 marcher au pas et \u00e0 manier avec ensemble l\u2019arme individuelle. Mais ce n\u2019est pas cela qui co\u00fbte le plus cher au contribuable am\u00e9ricain.<\/p>\n<p style=\"text-align: justify;\">Les investigations dans le domaine de l\u2019atome imposent de larges investissements industriels qui font travailler patrons et ouvriers et limitent la mont\u00e9e d\u2019un ch\u00f4mage technologique qui d\u00e9j\u00e0 d\u00e9passe 3 millions 500.000 personnes. Il y a aussi les luttes de pr\u00e9s\u00e9ance entre diff\u00e9rentes armes. On amorce par exemple des fabrications en grandes s\u00e9ries de bombardiers pour l\u2019Aviation. Elles sont stopp\u00e9es brusquement par la Marine qui convainc l\u2019opinion publique de leur inutilit\u00e9 ou inversement, et \u00e0 charge de revanche\u00a0!<\/p>\n<p style=\"text-align: justify;\">Toute cette utilisation militaire de cr\u00e9dits budg\u00e9taires rejaillit sur le secteur priv\u00e9 et masque parfois opportun\u00e9ment les prodromes d\u2019une diminution de l\u2019activit\u00e9 \u00e9conomique rationnelle et de l\u2019emploi.<\/p>\n<p style=\"text-align: justify;\">Un probl\u00e8me se posait pour l\u2019\u00e9vacuation des mat\u00e9riels r\u00e9pudi\u00e9s, parfois m\u00eame avant la fin de leur production en s\u00e9rie. Il a \u00e9t\u00e9 astucieusement r\u00e9solu gr\u00e2ce au P.A.M.<\/p>\n<p style=\"text-align: justify;\">En \u00e9change de ces armes d\u00e9j\u00e0 techniquement d\u00e9pass\u00e9es et d\u2019un lot d\u2019officiers qui viendront se distraire en Europe en les manipulant devant nous, nous assistons \u00e0 une man\u0153uvre de grand style pour relayer le plan Marshall que m\u00eame les Am\u00e9ricains de bonne foi et les plus na\u00effs des Europ\u00e9ens r\u00e9pudient d\u00e9sormais de concert.<\/p>\n<p style=\"text-align: justify;\">Ainsi marchandises et capitaux U.S.A. vont-ils pouvoir prendre la suite des livraisons d\u2019armes dont les militaires se d\u00e9barrassent pour assurer, para\u00eet-il, la protection de notre souverainet\u00e9\u00a0!<\/p>\n<p style=\"text-align: justify;\">C\u2019est ici que Wall-Street fait preuve d\u2019ingratitude envers ses militaires. Que ferait-il de ces ferrailles qui vont lui assurer de copieux emplois de ses capitaux et de larges sources de profit\u00a0?<\/p>\n<p style=\"text-align: justify;\">D\u00e9j\u00e0 avant la guerre, les \u00ab\u00a0cimeti\u00e8res\u00a0\u00bb de voitures d\u00e9shonoraient les banlieues des grandes villes am\u00e9ricaines. Doit-on y ajouter de nos jours les tanks et les bombardiers dont on n\u2019aurait pas l\u2019emploi sans le P.A.M.\u00a0? Les stocks de c\u00e9r\u00e9ales achet\u00e9s par le gouvernement am\u00e9ricain pour maintenir les prix agricoles ne lui donnent-ils pas assez de soucis quand, silos pleins, il faut les laisser pourrir \u00e0 l\u2019air libre\u00a0? Et pr\u00e9voir qu\u2019au 30 juin 1950, ils seront le double de ce qu\u2019ils \u00e9taient en 1949\u00a0!<\/p>\n<p style=\"text-align: justify;\">Gr\u00e2ce \u00e0 la d\u00e9bordante activit\u00e9 des \u00e9tats-majors et \u00e0 leurs cousins les diplomates, on g\u00e9n\u00e9ralise une panique mondiale. Sous l\u2019effet de la peur, on se d\u00e9barrasse d\u2019une production de guerre sans int\u00e9r\u00eat, que des gouvernements aux abois acceptent pour le maintien de l\u2019ordre int\u00e9rieur. Et du m\u00eame coup, on a justifi\u00e9 une artificielle distribution de pouvoir d\u2019achat et on a conquis de nouveaux d\u00e9bouch\u00e9s.<\/p>\n<p style=\"text-align: justify;\">C\u2019est un grand service rendu au mythe de l\u2019expansion am\u00e9ricaine ind\u00e9finie, qui se heurtait \u00e0 la mis\u00e8re des trois quarts de la plan\u00e8te.<\/p>\n<p style=\"text-align: justify;\">Aussi bien les prochains d\u00e9bats du Congr\u00e8s, influenc\u00e9s par Wall-Street, feront-ils la coupe am\u00e8re aux militaires am\u00e9ricains, fid\u00e8les commis-voyageurs du capitalisme U.S.A.<\/p>\n<p>&nbsp;<\/p>\n<p>Jean-Charles DEMACHY<\/p>\n<p>&nbsp;<\/p>\n<h2 align=\"center\"><b><i>Nous r\u00e9pondons\u2026<\/i><\/b><\/h2>\n<h2 align=\"center\"><b>\u00e0 MM. Jacques DUBOIN et Maurice LANDRAIN<\/b><\/h2>\n<h2 align=\"center\"><b>du Mouvement Fran\u00e7ais de l\u2019Abondance<\/b><\/h2>\n<p align=\"center\"><b>\u00a0<\/b><\/p>\n<p>Mes chers camarades,<\/p>\n<p style=\"text-align: justify;\">J\u2019ai pris connaissance, avec un tr\u00e8s vif int\u00e9r\u00eat, dans \u00ab\u00a0La Grande Rel\u00e8ve\u00a0\u00bb, num\u00e9ro 59 de janvier 1950, des articles de Jacques Duboin et de Maurice Landrain, au sujet de l\u2019action pacifiste.<\/p>\n<p style=\"text-align: justify;\">L\u2019essentiel de ces deux articles peut se r\u00e9sumer ainsi\u00a0: c\u2019est une na\u00efvet\u00e9 que de demander le d\u00e9sarmement, car l\u2019industrie des armements permet de distribuer du pouvoir d\u2019achat pour la fabrication de \u00ab\u00a0marchandises\u00a0\u00bb qui n\u2019encombrent pas le march\u00e9 des produits de consommation courante, d\u00e9j\u00e0 bien encombr\u00e9\u2026 Demander le d\u00e9sarmement, c\u2019est, pour Jacques Duboin \u00ab\u00a0courir \u00e0 un d\u00e9sastre \u00e9conomique, car c\u2019est gr\u00e2ce aux 69 milliards de commande annuelle d\u2019armements que les producteurs de biens de consommation se plaindront un peu moins de m\u00e9vente\u00a0\u00bb, et, pour Maurice Landrain, c\u2019est \u00ab\u00a0demander \u00e0 l\u2019Etat capitaliste de se suicider\u00a0\u00bb.<\/p>\n<p style=\"text-align: justify;\">Or, les 69 milliards affect\u00e9s aux armements \u2014 je dirais pour ma part les 400 milliards affect\u00e9s au budget de la guerre \u2014 pourraient \u00eatre utilis\u00e9s \u00e0 construire des maisons d\u2019habitation, par exemple, ce qui, premi\u00e8rement, n\u2019encombrera pas le march\u00e9 des biens de consommation courante, des millions de familles \u00e9tant priv\u00e9es de logement ou vivant dans d\u2019inqualifiables taudis, et deuxi\u00e8mement, distribuerait les 400 milliards de l\u2019ex-budget de la guerre, \u00ab\u00a0sur lesquels comptent les producteurs de biens de consommation\u00a0\u00bb.<\/p>\n<p style=\"text-align: justify;\">En r\u00e9sum\u00e9, les b\u00e9n\u00e9ficiaires des 400 milliards de l\u2019ex-budget de guerre construiraient des maisons d\u2019habitation au lieu de fabriquer des armements ou de marcher au pas cadenc\u00e9, et il n\u2019y aurait ni \u00ab\u00a0d\u00e9sastre \u00e9conomique\u00a0\u00bb, ni \u00ab\u00a0suicide de l\u2019Etat capitaliste\u00a0\u00bb. Economiquement, il n\u2019y aurait rien de chang\u00e9 \u00e0 la situation pr\u00e9sente.<\/p>\n<p style=\"text-align: justify;\">En admettant, contre toute vraisemblance, que les b\u00e9n\u00e9ficiaires actuels du budget de la guerre soient incapables de faire un travail utile, telle la construction de logements, il serait pr\u00e9f\u00e9rable de leur distribuer leurs salaires, traitements, soldes ou b\u00e9n\u00e9fices \u00e0 ne rien faire plut\u00f4t que de pr\u00e9parer la guerre. Il n\u2019y aurait non plus rien de chang\u00e9 \u00e0 la situation \u00e9conomique actuelle.<\/p>\n<p style=\"text-align: justify;\">Si les gouvernements pr\u00e9f\u00e8rent commander des armements plut\u00f4t que des maisons d\u2019habitation, c\u2019est qu\u2019il y a au moins une autre raison que distribuer du pouvoir d\u2019achat sans ajouter \u00e0 l\u2019encombrement des produits de consommation courante\u00a0: il n\u2019y a pas d\u2019autre solution que la guerre, au d\u00e9sarroi \u00e9conomique qui ira fatalement grandissant, si l\u2019on se refuse \u00e0 une \u00e9conomie adapt\u00e9e \u00e0 l\u2019abondance de ces produits de consommation. Les gouvernements le savent parfaitement et ils sont conduits \u00e0 s\u2019armer au maximum de leurs possibilit\u00e9s, donc \u00e0 commander des armements, et non des logements.<\/p>\n<p style=\"text-align: justify;\">C\u2019est ici que le d\u00e9sarmement que nous, pacifistes, r\u00e9clamons, prend toute sa signification. Priv\u00e9s de l\u2019exutoire de la guerre, par laquelle ils esp\u00e8rent retarder l\u2019enterrement du r\u00e9gime du profit, les gouvernements seraient n\u00e9cessairement conduits \u00e0 chercher et trouver des formes \u00e9conomiques adapt\u00e9es \u00e0 l\u2019abondante production moderne. Autrement dit ils seraient oblig\u00e9s de s\u2019acheminer vers une \u00e9conomie de l\u2019abondance qui ne peut \u00eatre qu\u2019une \u00e9conomie distributive. Avec la guerre possible, ils cr\u00e9ent des armements en abondance, et ils seront conduits, peut-\u00eatre malgr\u00e9 eux, \u00e0 les distribuer gratuitement sous forme d\u2019\u00e9quipements, tanks, obus, bombes. Cette distribution est une caricature d\u2019\u00e9conomie distributive orient\u00e9e vers le mal, puisqu\u2019ils ne veulent pas orienter l\u2019\u00e9conomie vers le bien.<\/p>\n<p style=\"text-align: justify;\">En somme, pour nous pacifistes, le d\u00e9sarmement est une voie vers la paix. Il vous appartient, abondancistes, de comprendre que le d\u00e9sarmement est une porte ouverte vers l\u2019\u00e9conomie distributive. Porte ouverte \u00ab\u00a0sur la bande\u00a0\u00bb, et par laquelle vous devriez aussi tenter de passer, en plus de vos efforts directs, car elle est peut-\u00eatre votre plus grande chance d\u2019atteindre votre but \u00e0 temps, pour deux raisons\u00a0:<\/p>\n<p style=\"text-align: justify;\">1\u00b0 Les politiciens ne consentiront jamais \u00e0 entrer sur la voie de l\u2019\u00e9conomie distributive tant qu\u2019ils auront la voie de la guerre pour tenter de conserver le r\u00e9gime du profit et de retarder l\u2019av\u00e8nement du socialisme distributif qui n\u2019a que faire des politiciens\u2026\u00a0;<\/p>\n<p style=\"text-align: justify;\">2\u00b0 Vous ne seriez plus seuls\u2026 Des forces pacifistes plus ou moins id\u00e9alistes demandent le d\u00e9sarmement des Etats. Sans \u00eatre affirmatif, je crois qu\u2019il y a plus de chances \u2014 bien minces d\u2019ailleurs \u2014 d\u2019atteindre votre but \u00e0 temps par la porte du d\u00e9sarmement que par la voie directe qui est la v\u00f4tre. De toute fa\u00e7on, pourquoi se refuser \u00e0 tenter aussi de passer par cette porte\u00a0? Vous auriez une excellente occasion de faire comprendre vers quels espaces lumineux elle permet de s\u2019acheminer, ce qui renforcerait votre action sp\u00e9cifique dans le domaine \u00e9conomique.<\/p>\n<p style=\"text-align: justify;\">Enfin, l\u2019incoh\u00e9rente pr\u00e9paration de la guerre de la part de nos dirigeants, dont parle Jacques Duboin rel\u00e8ve de la m\u00eame stupidit\u00e9 qui les fait se refuser \u00e0 une \u00e9conomie adapt\u00e9e \u00e0 l\u2019abondance, \u00e0 pratiquer le monstrueux malthusianisme industriel et agricole, afin de maintenir la raret\u00e9, donc le r\u00e9gime prix-salaires-profits. Dans chaque num\u00e9ro de \u00ab\u00a0La Grande Rel\u00e8ve\u00a0\u00bb, vous montrez avec beaucoup d\u2019esprit et d\u2019\u00e0-propos cette stupidit\u00e9. Oseriez-vous croire qu\u2019ils ont subitement acquis plus d\u2019intelligence quand il s\u2019agit de pr\u00e9parer la guerre\u00a0?<\/p>\n<p style=\"text-align: justify;\"><strong>Marcel<\/strong> DIEUDONNE.<\/p>\n<p style=\"text-align: justify;\"><strong>(Jacques Duboin, fondateur de la revue \u00ab\u00a0La Grande Rel\u00e8ve\u00a0\u00bb, fut le cr\u00e9ateur du concept de \u00ab\u00a0l&rsquo;\u00e9conomie distributive\u00a0\u00bb).<\/strong><\/p>\n<p style=\"text-align: justify;\"><em>Ces deux articles, extraits du m\u00eame journal, donnent une id\u00e9e des pr\u00e9occupations de l&rsquo;\u00e9quipe qui le r\u00e9alise. Guerre froide, guerres coloniales, pr\u00e9sence militaire am\u00e9ricaine en France, autant de sujets qui suscit\u00e8rent de v\u00e9h\u00e9ments d\u00e9bats. Jean-Charles Pichon y participa activement, traquant l&rsquo;imposture et les compromissions, d&rsquo;o\u00f9 qu&rsquo;elles vinssent, et dans tous les domaines. En tant que grand reporter, comme il le raconte dans \u00ab\u00a0Un homme en creux\u00a0\u00bb, il d\u00e9voila les supercheries des affaires Dominici, Bombard et Sagan &#8211; ce qui lui valut quelques d\u00e9boires&#8230;<\/em><\/p>\n<p style=\"text-align: justify;\"><em>Comme Camus, qu&rsquo;il connut bien, il ne fut donc pas un philosophe retir\u00e9 en sa tour d&rsquo;ivoire, et \u00e9loign\u00e9 du monde contemporain&#8230;<\/em><\/p>\n<p>&nbsp;<\/p>\n<p>&nbsp;<\/p>\n","protected":false},"excerpt":{"rendered":"<p>JEAN-CHARLES PICHON \u00ab\u00a0LE CITOYEN DU MONDE\u00a0\u00bb \u00a0 De la fin 1949 jusqu\u2019en avril 1951, Jean-Charles Pichon collabora au journal \u00ab\u00a0Le Citoyen du Monde\u00a0\u00bb. Porte-parole en langue fran\u00e7aise du Mouvement fond\u00e9 par Garry Davis, ce journal \u00e9tait constitu\u00e9 d\u2019une \u00e9quipe de &hellip; <a href=\"https:\/\/www.jeancharlespichon.com\/wp\/?p=2589\">Continuer la lecture <span class=\"meta-nav\">&rarr;<\/span><\/a><\/p>\n","protected":false},"author":1,"featured_media":0,"comment_status":"open","ping_status":"open","sticky":false,"template":"","format":"standard","meta":{"footnotes":""},"categories":[30],"tags":[],"class_list":["post-2589","post","type-post","status-publish","format-standard","hentry","category-documents"],"_links":{"self":[{"href":"https:\/\/www.jeancharlespichon.com\/wp\/index.php?rest_route=\/wp\/v2\/posts\/2589","targetHints":{"allow":["GET"]}}],"collection":[{"href":"https:\/\/www.jeancharlespichon.com\/wp\/index.php?rest_route=\/wp\/v2\/posts"}],"about":[{"href":"https:\/\/www.jeancharlespichon.com\/wp\/index.php?rest_route=\/wp\/v2\/types\/post"}],"author":[{"embeddable":true,"href":"https:\/\/www.jeancharlespichon.com\/wp\/index.php?rest_route=\/wp\/v2\/users\/1"}],"replies":[{"embeddable":true,"href":"https:\/\/www.jeancharlespichon.com\/wp\/index.php?rest_route=%2Fwp%2Fv2%2Fcomments&post=2589"}],"version-history":[{"count":8,"href":"https:\/\/www.jeancharlespichon.com\/wp\/index.php?rest_route=\/wp\/v2\/posts\/2589\/revisions"}],"predecessor-version":[{"id":2594,"href":"https:\/\/www.jeancharlespichon.com\/wp\/index.php?rest_route=\/wp\/v2\/posts\/2589\/revisions\/2594"}],"wp:attachment":[{"href":"https:\/\/www.jeancharlespichon.com\/wp\/index.php?rest_route=%2Fwp%2Fv2%2Fmedia&parent=2589"}],"wp:term":[{"taxonomy":"category","embeddable":true,"href":"https:\/\/www.jeancharlespichon.com\/wp\/index.php?rest_route=%2Fwp%2Fv2%2Fcategories&post=2589"},{"taxonomy":"post_tag","embeddable":true,"href":"https:\/\/www.jeancharlespichon.com\/wp\/index.php?rest_route=%2Fwp%2Fv2%2Ftags&post=2589"}],"curies":[{"name":"wp","href":"https:\/\/api.w.org\/{rel}","templated":true}]}}