{"id":1768,"date":"2012-05-30T13:34:22","date_gmt":"2012-05-30T11:34:22","guid":{"rendered":"http:\/\/www.jeancharlespichon.com\/wp\/?p=1768"},"modified":"2012-09-12T13:48:15","modified_gmt":"2012-09-12T11:48:15","slug":"a-propos-de-reliefs","status":"publish","type":"post","link":"https:\/\/www.jeancharlespichon.com\/wp\/?p=1768","title":{"rendered":"A propos de \u00ab\u00a0Reliefs\u00a0\u00bb"},"content":{"rendered":"<p style=\"text-align: justify;\">En 1994, Jean-Charles Pichon donna une conf\u00e9rence \u00e0 des \u00e9tudiants de l&rsquo;I.U.T. de Nantes. Il y \u00e9voquait son dernier<em> journal<\/em>, \u00ab\u00a0Reliefs\u00a0\u00bb, qui devait \u00eatre publi\u00e9 en 2009 par les \u00e9ditions Edite.<\/p>\n<p style=\"text-align: justify;\">Voici la premi\u00e8re partie de cette conf\u00e9rence, dans laquelle il parle de ses enfances, en parall\u00e8le avec celles d&rsquo;Edgar Poe. (Document audio).<\/p>\n<p>Pierre-Jean Debenat<\/p>\n<p style=\"text-align: center;\"><a href=\"http:\/\/www.jeancharlespichon.com\/wp\/wp-content\/uploads\/2012\/05\/RELIEFS001.jpg\"><img loading=\"lazy\" decoding=\"async\" class=\"aligncenter size-medium wp-image-1789\" title=\"RELIEFS001\" src=\"http:\/\/www.jeancharlespichon.com\/wp\/wp-content\/uploads\/2012\/05\/RELIEFS001-195x300.jpg\" alt=\"\" width=\"195\" height=\"300\" srcset=\"https:\/\/www.jeancharlespichon.com\/wp\/wp-content\/uploads\/2012\/05\/RELIEFS001-195x300.jpg 195w, https:\/\/www.jeancharlespichon.com\/wp\/wp-content\/uploads\/2012\/05\/RELIEFS001.jpg 502w\" sizes=\"auto, (max-width: 195px) 100vw, 195px\" \/><\/a><\/p>\n<p style=\"text-align: center;\"><a href=\"http:\/\/www.jeancharlespichon.com\/wp\/wp-content\/uploads\/2012\/05\/RELIEFS1.mp3\">RELIEFS1<\/a><\/p>\n<p style=\"text-align: center;\"><a href=\"http:\/\/www.jeancharlespichon.com\/wp\/wp-content\/uploads\/2012\/05\/RELIEFS-02.mp3\">RELIEFS 02<\/a><\/p>\n<p style=\"text-align: center;\"><a href=\"http:\/\/www.jeancharlespichon.com\/wp\/wp-content\/uploads\/2012\/05\/RELIEFS-03.mp3\">RELIEFS 03<\/a><\/p>\n<p style=\"text-align: center;\"><a href=\"http:\/\/www.jeancharlespichon.com\/wp\/wp-content\/uploads\/2012\/05\/RELIEFS-04.mp3\">RELIEFS 04<\/a><\/p>\n<p style=\"text-align: center;\"><a href=\"http:\/\/www.jeancharlespichon.com\/wp\/wp-content\/uploads\/2012\/05\/RELIEFS-05.mp3\">RELIEFS 05<\/a><\/p>\n","protected":false},"excerpt":{"rendered":"<p>En 1994, Jean-Charles Pichon donna une conf\u00e9rence \u00e0 des \u00e9tudiants de l&rsquo;I.U.T. de Nantes. Il y \u00e9voquait son dernier journal, \u00ab\u00a0Reliefs\u00a0\u00bb, qui devait \u00eatre publi\u00e9 en 2009 par les \u00e9ditions Edite. Voici la premi\u00e8re partie de cette conf\u00e9rence, dans laquelle &hellip; <a href=\"https:\/\/www.jeancharlespichon.com\/wp\/?p=1768\">Continuer la lecture <span class=\"meta-nav\">&rarr;<\/span><\/a><\/p>\n","protected":false},"author":1,"featured_media":0,"comment_status":"closed","ping_status":"open","sticky":false,"template":"","format":"standard","meta":{"footnotes":""},"categories":[14],"tags":[],"class_list":["post-1768","post","type-post","status-publish","format-standard","hentry","category-conferences"],"_links":{"self":[{"href":"https:\/\/www.jeancharlespichon.com\/wp\/index.php?rest_route=\/wp\/v2\/posts\/1768","targetHints":{"allow":["GET"]}}],"collection":[{"href":"https:\/\/www.jeancharlespichon.com\/wp\/index.php?rest_route=\/wp\/v2\/posts"}],"about":[{"href":"https:\/\/www.jeancharlespichon.com\/wp\/index.php?rest_route=\/wp\/v2\/types\/post"}],"author":[{"embeddable":true,"href":"https:\/\/www.jeancharlespichon.com\/wp\/index.php?rest_route=\/wp\/v2\/users\/1"}],"replies":[{"embeddable":true,"href":"https:\/\/www.jeancharlespichon.com\/wp\/index.php?rest_route=%2Fwp%2Fv2%2Fcomments&post=1768"}],"version-history":[{"count":24,"href":"https:\/\/www.jeancharlespichon.com\/wp\/index.php?rest_route=\/wp\/v2\/posts\/1768\/revisions"}],"predecessor-version":[{"id":2189,"href":"https:\/\/www.jeancharlespichon.com\/wp\/index.php?rest_route=\/wp\/v2\/posts\/1768\/revisions\/2189"}],"wp:attachment":[{"href":"https:\/\/www.jeancharlespichon.com\/wp\/index.php?rest_route=%2Fwp%2Fv2%2Fmedia&parent=1768"}],"wp:term":[{"taxonomy":"category","embeddable":true,"href":"https:\/\/www.jeancharlespichon.com\/wp\/index.php?rest_route=%2Fwp%2Fv2%2Fcategories&post=1768"},{"taxonomy":"post_tag","embeddable":true,"href":"https:\/\/www.jeancharlespichon.com\/wp\/index.php?rest_route=%2Fwp%2Fv2%2Ftags&post=1768"}],"curies":[{"name":"wp","href":"https:\/\/api.w.org\/{rel}","templated":true}]}}