{"id":1675,"date":"2012-05-30T10:23:40","date_gmt":"2012-05-30T08:23:40","guid":{"rendered":"http:\/\/www.jeancharlespichon.com\/wp\/?p=1675"},"modified":"2012-05-30T16:14:38","modified_gmt":"2012-05-30T14:14:38","slug":"metamorphoses","status":"publish","type":"post","link":"https:\/\/www.jeancharlespichon.com\/wp\/?p=1675","title":{"rendered":"M\u00e9tamorphoses"},"content":{"rendered":"<p>En 1986, j&rsquo;ai r\u00e9alis\u00e9 une s\u00e9rie de photos pour laquelle Jean-Charles a \u00e9crit ce po\u00e8me.<\/p>\n<p>P-J Debenat<\/p>\n<div id=\"attachment_1676\" style=\"width: 565px\" class=\"wp-caption aligncenter\"><a href=\"http:\/\/www.jeancharlespichon.com\/wp\/wp-content\/uploads\/2012\/05\/METAMORPHOSES001.jpg\"><img loading=\"lazy\" decoding=\"async\" aria-describedby=\"caption-attachment-1676\" class=\"size-full wp-image-1676\" title=\"METAMORPHOSES001\" src=\"http:\/\/www.jeancharlespichon.com\/wp\/wp-content\/uploads\/2012\/05\/METAMORPHOSES001.jpg\" alt=\"\" width=\"555\" height=\"825\" srcset=\"https:\/\/www.jeancharlespichon.com\/wp\/wp-content\/uploads\/2012\/05\/METAMORPHOSES001.jpg 555w, https:\/\/www.jeancharlespichon.com\/wp\/wp-content\/uploads\/2012\/05\/METAMORPHOSES001-201x300.jpg 201w\" sizes=\"auto, (max-width: 555px) 100vw, 555px\" \/><\/a><p id=\"caption-attachment-1676\" class=\"wp-caption-text\">Pierre-Jean Debenat<\/p><\/div>\n<p>&nbsp;<\/p>\n<p>&nbsp;<\/p>\n<p style=\"text-align: center;\"><em>Vue des m\u00e9tamorphoses<\/em><\/p>\n<p style=\"text-align: center;\"><em>Comme une ombre port\u00e9e<\/em><\/p>\n<p style=\"text-align: center;\"><em>\u00a0<\/em><\/p>\n<p style=\"text-align: center;\"><em>De la pierre \u00e0 la chair, de la chair \u00e0 la pierre<\/em><\/p>\n<p style=\"text-align: center;\"><em>de l&rsquo;entraille terrestre aux rives de la femme<\/em><\/p>\n<p style=\"text-align: center;\"><em>\u00a0<\/em><\/p>\n<p style=\"text-align: center;\"><em>La terre au ciel de l&rsquo;homme<\/em><\/p>\n<p style=\"text-align: center;\"><em>mais Eros en Gh\u00e9a bien avant que d&rsquo;\u00e9clore<\/em><\/p>\n<p style=\"text-align: center;\"><em>\u00a0<\/em><\/p>\n<p style=\"text-align: center;\"><em>La couleur comme odeur<\/em><\/p>\n<p style=\"text-align: center;\"><em>L&rsquo;absence comme joie<\/em><\/p>\n<p style=\"text-align: center;\"><em>\u00a0<\/em><\/p>\n<p style=\"text-align: center;\"><em>Au profond de la mort l&rsquo;\u00e9brouement de la vie<\/em><\/p>\n<p style=\"text-align: center;\"><em>\u00a0<\/em><\/p>\n<p style=\"text-align: center;\"><em>L&rsquo;\u00e9rotisme vainqueur de son \u00e9pais d\u00e9sir<\/em><\/p>\n<p style=\"text-align: center;\"><em>\u00a0<\/em><\/p>\n<p style=\"text-align: center;\"><em>La ferveur retenue<\/em><\/p>\n<p style=\"text-align: center;\"><em>d&rsquo;un \u0153il qui s&rsquo;est ouvert pour dire le silence<\/em><\/p>\n<p><em>\u00a0<\/em><\/p>\n<p align=\"center\"><em>Jean-Charles Pichon<\/em><\/p>\n<div id=\"attachment_1677\" style=\"width: 203px\" class=\"wp-caption aligncenter\"><a href=\"http:\/\/www.jeancharlespichon.com\/wp\/wp-content\/uploads\/2012\/05\/METAMORPHOSES002.jpg\"><img loading=\"lazy\" decoding=\"async\" aria-describedby=\"caption-attachment-1677\" class=\"size-medium wp-image-1677\" title=\"METAMORPHOSES002\" src=\"http:\/\/www.jeancharlespichon.com\/wp\/wp-content\/uploads\/2012\/05\/METAMORPHOSES002-193x300.jpg\" alt=\"\" width=\"193\" height=\"300\" srcset=\"https:\/\/www.jeancharlespichon.com\/wp\/wp-content\/uploads\/2012\/05\/METAMORPHOSES002-193x300.jpg 193w, https:\/\/www.jeancharlespichon.com\/wp\/wp-content\/uploads\/2012\/05\/METAMORPHOSES002.jpg 511w\" sizes=\"auto, (max-width: 193px) 100vw, 193px\" \/><\/a><p id=\"caption-attachment-1677\" class=\"wp-caption-text\">Pierre-Jean Debenat<\/p><\/div>\n","protected":false},"excerpt":{"rendered":"<p>En 1986, j&rsquo;ai r\u00e9alis\u00e9 une s\u00e9rie de photos pour laquelle Jean-Charles a \u00e9crit ce po\u00e8me. P-J Debenat &nbsp; &nbsp; Vue des m\u00e9tamorphoses Comme une ombre port\u00e9e \u00a0 De la pierre \u00e0 la chair, de la chair \u00e0 la pierre de &hellip; <a href=\"https:\/\/www.jeancharlespichon.com\/wp\/?p=1675\">Continuer la lecture <span class=\"meta-nav\">&rarr;<\/span><\/a><\/p>\n","protected":false},"author":1,"featured_media":0,"comment_status":"open","ping_status":"open","sticky":false,"template":"","format":"standard","meta":{"footnotes":""},"categories":[19],"tags":[],"class_list":["post-1675","post","type-post","status-publish","format-standard","hentry","category-poesies"],"_links":{"self":[{"href":"https:\/\/www.jeancharlespichon.com\/wp\/index.php?rest_route=\/wp\/v2\/posts\/1675","targetHints":{"allow":["GET"]}}],"collection":[{"href":"https:\/\/www.jeancharlespichon.com\/wp\/index.php?rest_route=\/wp\/v2\/posts"}],"about":[{"href":"https:\/\/www.jeancharlespichon.com\/wp\/index.php?rest_route=\/wp\/v2\/types\/post"}],"author":[{"embeddable":true,"href":"https:\/\/www.jeancharlespichon.com\/wp\/index.php?rest_route=\/wp\/v2\/users\/1"}],"replies":[{"embeddable":true,"href":"https:\/\/www.jeancharlespichon.com\/wp\/index.php?rest_route=%2Fwp%2Fv2%2Fcomments&post=1675"}],"version-history":[{"count":7,"href":"https:\/\/www.jeancharlespichon.com\/wp\/index.php?rest_route=\/wp\/v2\/posts\/1675\/revisions"}],"predecessor-version":[{"id":1841,"href":"https:\/\/www.jeancharlespichon.com\/wp\/index.php?rest_route=\/wp\/v2\/posts\/1675\/revisions\/1841"}],"wp:attachment":[{"href":"https:\/\/www.jeancharlespichon.com\/wp\/index.php?rest_route=%2Fwp%2Fv2%2Fmedia&parent=1675"}],"wp:term":[{"taxonomy":"category","embeddable":true,"href":"https:\/\/www.jeancharlespichon.com\/wp\/index.php?rest_route=%2Fwp%2Fv2%2Fcategories&post=1675"},{"taxonomy":"post_tag","embeddable":true,"href":"https:\/\/www.jeancharlespichon.com\/wp\/index.php?rest_route=%2Fwp%2Fv2%2Ftags&post=1675"}],"curies":[{"name":"wp","href":"https:\/\/api.w.org\/{rel}","templated":true}]}}