{"id":301,"date":"2010-11-13T18:49:04","date_gmt":"2010-11-13T17:49:04","guid":{"rendered":"http:\/\/www.jeancharlespichon.com\/wp\/?p=301"},"modified":"2010-11-13T18:51:57","modified_gmt":"2010-11-13T17:51:57","slug":"solstice-dete","status":"publish","type":"post","link":"http:\/\/www.jeancharlespichon.com\/wp\/?p=301","title":{"rendered":"Solstice d&rsquo;\u00e9t\u00e9&#8230;"},"content":{"rendered":"<p><span style=\"font-family: Georgia; font-size: medium;\"> <em>Le solstice d&rsquo;\u00e9t\u00e9 s&rsquo;approche, le visage de Jean-Charles Pichon se dessine  avec pr\u00e9cision, j&rsquo;entends le son de sa voix. Jean-Charles nous a quitt\u00e9s le 21  juin 2006. Et comme pour souligner \u00e0 la fois son absence et son rayonnement, je  re\u00e7ois le recueil de po\u00e8mes de Patrice Bernard, \u00ab\u00a0Jeunes Pousses\u00a0\u00bb. Patrice  rencontra Jean-Charles Pichon, \u00e0 Nantes, il y a plus de 25 ans. Encyclop\u00e9die  vivante de la Science-Fiction, Patrice s&rsquo;adonnait \u00e0 la litt\u00e9rature (romans et  po\u00e8mes), \u00e0 la musique (percussions) et aux arts graphiques (peinture et  illustrations). Ces activit\u00e9s sont rest\u00e9es prioritaires. En outre, la musique et  le dessin permettent de faire bouillir la marmite.<\/em><\/span><\/p>\n<p><em> <\/em><\/p>\n<p><em><span style=\"font-family: Georgia; font-size: medium;\"> Au moment m\u00eame o\u00f9 Jean-Charles Pichon fut  enterr\u00e9 au cimeti\u00e8re du Croisic, Patrice Bernard arrivait dans le bourg proche,  \u00e0 Batz, o\u00f9 il devait r\u00e9p\u00e9ter avant le concert qui aurait lieu en soir\u00e9e. Patrice  est, comme le fut Jean-Charles, attach\u00e9 au Croisic et \u00e0 ses environs, \u00e0 Batz  entre autres qu&rsquo;il \u00e9voque dans \u00ab\u00a0La Roue\u00a0\u00bb.<\/span><\/em><\/p>\n<p><em> <\/em><\/p>\n<p><em><span style=\"font-family: Georgia; font-size: medium;\"> Le lendemain, apr\u00e8s le concert, Patrice  r\u00e9pandit un peu de sable, qu&rsquo;il avait recueilli sur la plage, sur la tombe de  Jean-Charles. Ce geste me touche singuli\u00e8rement. Patrice l&rsquo;\u00e9voque, avec la  discr\u00e9tion et la pudeur que j&rsquo;ai toujours connues chez lui.<\/span><\/em><\/p>\n<p><em> <\/em><\/p>\n<p><em><span style=\"font-family: Georgia; font-size: medium;\"> Il m&rsquo;a autoris\u00e9 \u00e0 citer aussi ce po\u00e8me,  \u00ab\u00a0Bient\u00f4t\u00a0\u00bb.<\/span><\/em><\/p>\n<p><em> <\/em><\/p>\n<p><em><span style=\"font-family: Georgia; font-size: medium;\"> \u00ab\u00a0La Roue\u00a0\u00bb et\u00a0 \u00ab\u00a0Bient\u00f4t\u00a0\u00bb sont extraits du  recueil \u00a0\u00bb Jeunes Pousses\u00a0\u00bb (2007).<\/span><\/em><\/p>\n<p><em> <\/em><\/p>\n<p><em> <\/em><\/p>\n<p><em><span style=\"font-family: Georgia; font-size: medium;\"> Jean-Paul Debenat<\/span><\/em><\/p>\n<p><em> <\/em><\/p>\n<p><em> <\/em><\/p>\n<p><strong><em><span style=\"font-family: Georgia; font-size: medium;\">La  roue<\/span><\/em><\/strong><\/p>\n<p><strong><em> <\/em><\/strong><\/p>\n<p><strong><em><span style=\"font-family: Georgia; font-size: medium;\">cet ami musicien, dont le  p\u00e8re malade<\/span><\/em><\/strong><\/p>\n<p><strong><em><span style=\"font-family: Georgia; font-size: medium;\">a pu apprendre \u00e0  temps<\/span><\/em><\/strong><\/p>\n<p><strong><em><span style=\"font-family: Georgia; font-size: medium;\">la naissance de sa petite  fille<\/span><\/em><\/strong><\/p>\n<p><strong><em><span style=\"font-family: Georgia; font-size: medium;\">lui apportant une derni\u00e8re  joie<\/span><\/em><\/strong><\/p>\n<p><strong><em><span style=\"font-family: Georgia; font-size: medium;\">cet ami, devenu p\u00e8re, a  maintenant pass\u00e9<\/span><\/em><\/strong><\/p>\n<p><strong><em><span style=\"font-family: Georgia; font-size: medium;\">la crois\u00e9e des  chemins<\/span><\/em><\/strong><\/p>\n<p><strong><em><span style=\"font-family: Georgia; font-size: medium;\">dans la grande roue qui  tourne<\/span><\/em><\/strong><\/p>\n<p><strong><em> <\/em><\/strong><\/p>\n<p><strong><em><span style=\"font-family: Georgia; font-size: medium;\">je marche pieds nus,  lentement<\/span><\/em><\/strong><\/p>\n<p><strong><em><span style=\"font-family: Georgia; font-size: medium;\">sur les graviers, sur le  sable<\/span><\/em><\/strong><\/p>\n<p><strong><em><span style=\"font-family: Georgia; font-size: medium;\">j&rsquo;entre peu \u00e0 peu dans la  mer<\/span><\/em><\/strong><\/p>\n<p><strong><em><span style=\"font-family: Georgia; font-size: medium;\">les courants froids ou  ti\u00e8des me glissent sur le corps<\/span><\/em><\/strong><\/p>\n<p><strong><em> <\/em><\/strong><\/p>\n<p><strong><em><span style=\"font-family: Georgia; font-size: medium;\">nous passons la nuit dans  une grande maison bretonne<\/span><\/em><\/strong><\/p>\n<p><strong><em><span style=\"font-family: Georgia; font-size: medium;\">tout pr\u00e8s de  l&rsquo;oc\u00e9an<\/span><\/em><\/strong><\/p>\n<p><strong><em><span style=\"font-family: Georgia; font-size: medium;\">petit d\u00e9jeuner devant les  pins parasols<\/span><\/em><\/strong><\/p>\n<p><strong><em><span style=\"font-family: Georgia; font-size: medium;\">vol rapide du geai du  matin<\/span><\/em><\/strong><\/p>\n<p><strong><em> <\/em><\/strong><\/p>\n<p><strong><em><span style=\"font-family: Georgia; font-size: medium;\">au bourg de Batz, la tour de  l&rsquo;\u00e9glise Saint-Gw\u00e9nol\u00e9<\/span><\/em><\/strong><\/p>\n<p><strong><em><span style=\"font-family: Georgia; font-size: medium;\">domine les marais  alentours<\/span><\/em><\/strong><\/p>\n<p><strong><em><span style=\"font-family: Georgia; font-size: medium;\">une statue du XV\u00e8 si\u00e8cle,  une vierge \u00e0 l&rsquo;enfant<\/span><\/em><\/strong><\/p>\n<p><strong><em><span style=\"font-family: Georgia; font-size: medium;\">en bois peint, finement  cisel\u00e9, liss\u00e9<\/span><\/em><\/strong><\/p>\n<p><strong><em><span style=\"font-family: Georgia; font-size: medium;\">permanence des  croyances<\/span><\/em><\/strong><\/p>\n<p><strong><em><span style=\"font-family: Georgia; font-size: medium;\">\u00e0 l&rsquo;entr\u00e9e du Garnal, au  premier pilier<\/span><\/em><\/strong><\/p>\n<p><strong><em><span style=\"font-family: Georgia; font-size: medium;\">je salue \u00e0 nouveau la belle  sir\u00e8ne du chapiteau<\/span><\/em><\/strong><\/p>\n<p><strong><em><span style=\"font-family: Georgia; font-size: medium;\">clefs de vo\u00fbte  sculpt\u00e9es<\/span><\/em><\/strong><\/p>\n<p><strong><em><span style=\"font-family: Georgia; font-size: medium;\">une Sainte Face sur un voile  tendu par des anges<\/span><\/em><\/strong><\/p>\n<p><strong><em><span style=\"font-family: Georgia; font-size: medium;\">et l&rsquo;enfer, un p\u00e9cheur aux  entrailles d\u00e9vor\u00e9es<\/span><\/em><\/strong><\/p>\n<p><strong><em><span style=\"font-family: Georgia; font-size: medium;\">par sept d\u00e9mons  ricanants<\/span><\/em><\/strong><\/p>\n<p><strong><em> <\/em><\/strong><\/p>\n<p><strong><em><span style=\"font-family: Georgia; font-size: medium;\">\u00e0 c\u00f4t\u00e9, la chapelle du  M\u00fbrier, ode \u00e0 l&rsquo;eau sal\u00e9e<\/span><\/em><\/strong><\/p>\n<p><strong><em><span style=\"font-family: Georgia; font-size: medium;\">sa nef ouverte aux quatre  vents<\/span><\/em><\/strong><\/p>\n<p><strong><em><span style=\"font-family: Georgia; font-size: medium;\">pour les marins qui ont \u00e9t\u00e9  sauv\u00e9s de la temp\u00eate<\/span><\/em><\/strong><\/p>\n<p><strong><em><span style=\"font-family: Georgia; font-size: medium;\">ses arcs gothiques cadrant  le ciel bleu<\/span><\/em><\/strong><\/p>\n<p><strong><em><span style=\"font-family: Georgia; font-size: medium;\">au vieux cimeti\u00e8re je d\u00e9pose  trois bougies<\/span><\/em><\/strong><\/p>\n<p><strong><em> <\/em><\/strong><\/p>\n<p><strong><em><span style=\"font-family: Georgia; font-size: medium;\">\u00e0 la fois pierre sacr\u00e9e et  menhir christianis\u00e9<\/span><\/em><\/strong><\/p>\n<p><strong><em><span style=\"font-family: Georgia; font-size: medium;\">la croix des Douleurs soigne  aussi les rhumatismes<\/span><\/em><\/strong><\/p>\n<p><strong><em> <\/em><\/strong><\/p>\n<p><strong><em><span style=\"font-family: Georgia; font-size: medium;\">plage Saint-Michel, en haut  de la digue<\/span><\/em><\/strong><\/p>\n<p><strong><em><span style=\"font-family: Georgia; font-size: medium;\">sous le menhir sont cach\u00e9s  quelques sacs d&rsquo;or<\/span><\/em><\/strong><\/p>\n<p><strong><em><span style=\"font-family: Georgia; font-size: medium;\">d\u00e9rob\u00e9s jadis aux Korrigans  par un paludier<\/span><\/em><\/strong><\/p>\n<p><strong><em> <\/em><\/strong><\/p>\n<p><strong><em><span style=\"font-family: Georgia; font-size: medium;\">sur la c\u00f4te sauvage, le vent  courbe les arbres<\/span><\/em><\/strong><\/p>\n<p><strong><em><span style=\"font-family: Georgia; font-size: medium;\">la Pierre Longue, abattue  puis relev\u00e9e<\/span><\/em><\/strong><\/p>\n<p><strong><em><span style=\"font-family: Georgia; font-size: medium;\">a \u00e9t\u00e9 rapproch\u00e9e de la  mer<\/span><\/em><\/strong><\/p>\n<p style=\"text-align: center;\"><strong><em><span style=\"font-family: Georgia; font-size: medium;\"> <\/span><\/em><\/strong><\/p>\n<div id=\"attachment_302\" style=\"width: 310px\" class=\"wp-caption aligncenter\"><strong><em><strong><em><span><a href=\"http:\/\/www.jeancharlespichon.com\/wp\/wp-content\/uploads\/2010\/11\/HOMMAGES1.jpg\"><img loading=\"lazy\" decoding=\"async\" aria-describedby=\"caption-attachment-302\" class=\"size-medium wp-image-302\" title=\"KONICA MINOLTA DIGITAL CAMERA\" src=\"http:\/\/www.jeancharlespichon.com\/wp\/wp-content\/uploads\/2010\/11\/HOMMAGES1-300x225.jpg\" alt=\"\" width=\"300\" height=\"225\" srcset=\"http:\/\/www.jeancharlespichon.com\/wp\/wp-content\/uploads\/2010\/11\/HOMMAGES1-300x225.jpg 300w, http:\/\/www.jeancharlespichon.com\/wp\/wp-content\/uploads\/2010\/11\/HOMMAGES1.jpg 632w\" sizes=\"auto, (max-width: 300px) 100vw, 300px\" \/><\/a><\/span><\/em><\/strong><\/em><\/strong><p id=\"caption-attachment-302\" class=\"wp-caption-text\">Illustration Pierre-Jean Debenat<\/p><\/div>\n<p><strong><em> <\/em><\/strong><\/p>\n<p><strong><em><span style=\"font-family: Georgia; font-size: medium;\">Bient\u00f4t<\/span><\/em><\/strong><\/p>\n<p><strong><em> <\/em><\/strong><\/p>\n<p><strong><em> <\/em><\/strong><\/p>\n<p><strong><em><span style=\"font-family: Georgia; font-size: medium;\">dans ce pays aussi les lieux  de culte<\/span><\/em><\/strong><\/p>\n<p><strong><em><span style=\"font-family: Georgia; font-size: medium;\">furent b\u00e2tis \u00e0  l&#8217;emplacement<\/span><\/em><\/strong><\/p>\n<p><strong><em><span style=\"font-family: Georgia; font-size: medium;\">des anciens temples d\u00e9di\u00e9es  \u00e0 la d\u00e9esse m\u00e8re<\/span><\/em><\/strong><\/p>\n<p><strong><em><span style=\"font-family: Georgia; font-size: medium;\">il existe un saint pour  gu\u00e9rir chaque maladie<\/span><\/em><\/strong><\/p>\n<p><strong><em><span style=\"font-family: Georgia; font-size: medium;\">des statues sortent en  procession<\/span><\/em><\/strong><\/p>\n<p><strong><em><span style=\"font-family: Georgia; font-size: medium;\">les vieux pa\u00efens sont les  plus croyants<\/span><\/em><\/strong><\/p>\n<p><strong><em> <\/em><\/strong><\/p>\n<p><strong><em><span style=\"font-family: Georgia; font-size: medium;\">un autre cimeti\u00e8re, au  Croisic<\/span><\/em><\/strong><\/p>\n<p><strong><em><span style=\"font-family: Georgia; font-size: medium;\">j&rsquo;arrange un peu le terrain  autour d&rsquo;une tombe<\/span><\/em><\/strong><\/p>\n<p><strong><em><span style=\"font-family: Georgia; font-size: medium;\">r\u00e9ajuste les fleurs et  dessine un cercle de sable blond<\/span><\/em><\/strong><\/p>\n<p><strong><em><span style=\"font-family: Georgia; font-size: medium;\">sur la terre grise entre les  fleurs s\u00e9ch\u00e9es<\/span><\/em><\/strong><\/p>\n<p><strong><em> <\/em><\/strong><\/p>\n<p><strong><em><span style=\"font-family: Georgia; font-size: medium;\">une fois les plantes  arros\u00e9es, je r\u00e9fl\u00e9chis, d\u00e9sempar\u00e9<\/span><\/em><\/strong><\/p>\n<p><strong><em><span style=\"font-family: Georgia; font-size: medium;\">ils s&rsquo;en vont, les vieux  amis<\/span><\/em><\/strong><\/p>\n<p><strong><em><span style=\"font-family: Georgia; font-size: medium;\">tous finissent par partir,  m\u00eame lui<\/span><\/em><\/strong><\/p>\n<p><strong><em><span style=\"font-family: Georgia; font-size: medium;\">le vieux conteur, le voyant,  le passeur de mythes<\/span><\/em><\/strong><\/p>\n<p><strong><em> <\/em><\/strong><\/p>\n<p><strong><em><span style=\"font-family: Georgia; font-size: medium;\">petits b\u00e9casseaux violets  dans les rochers noirs<\/span><\/em><\/strong><\/p>\n<p><strong><em><span style=\"font-family: Georgia; font-size: medium;\">belles perv\u00e9es du soleil \u00e0  travers les nuages bas<\/span><\/em><\/strong><\/p>\n<p><strong><em><span style=\"font-family: Georgia; font-size: medium;\">plusieurs averses d&rsquo;\u00e9t\u00e9,  jusqu&rsquo;au soir<\/span><\/em><\/strong><\/p>\n<p><strong><em> <\/em><\/strong><\/p>\n<p><strong><em><span style=\"font-family: Georgia; font-size: medium;\">d&rsquo;autres klaxons dans la  nuit chaude<\/span><\/em><\/strong><\/p>\n<p><strong><em><span style=\"font-family: Georgia; font-size: medium;\">suivis d&rsquo;alarmes et de  sir\u00e8nes press\u00e9es<\/span><\/em><\/strong><\/p>\n<p><strong><em><span style=\"font-family: Georgia; font-size: medium;\">orages qui grondent au  loin<\/span><\/em><\/strong><\/p>\n<p><strong><em> <\/em><\/strong><\/p>\n<p><strong><em><span style=\"font-family: Georgia; font-size: medium;\">plus de deux ans sans  nouvelles<\/span><\/em><\/strong><\/p>\n<p><strong><em><span style=\"font-family: Georgia; font-size: medium;\">sur une impulsion je  l&rsquo;appelle<\/span><\/em><\/strong><\/p>\n<p><strong><em><span style=\"font-family: Georgia; font-size: medium;\">surprise, c&rsquo;est elle, c&rsquo;est  sa voix<\/span><\/em><\/strong><\/p>\n<p><strong><em><span style=\"font-family: Georgia; font-size: medium;\">elle me dit qu&rsquo;elle est  enceinte<\/span><\/em><\/strong><\/p>\n<p><strong><em><span style=\"font-family: Georgia; font-size: medium;\">qu&rsquo;elle va avoir une petite  fille dans un mois<\/span><\/em><\/strong><\/p>\n<p><strong><em><span style=\"font-family: Georgia; font-size: medium;\">les choses  changent<\/span><\/em><\/strong><\/p>\n<p><strong><em> <\/em><\/strong><\/p>\n<p><strong><em><span style=\"font-family: Georgia; font-size: medium;\">c&rsquo;\u00e9tait \u00e0 pr\u00e9voir, j&rsquo;avais  envisag\u00e9 cette possibilit\u00e9<\/span><\/em><\/strong><\/p>\n<p><strong><em><span style=\"font-family: Georgia; font-size: medium;\">bien s\u00fbr il fallait s&rsquo;en  douter<\/span><\/em><\/strong><\/p>\n<p><strong><em><span style=\"font-family: Georgia; font-size: medium;\">elle, un b\u00e9b\u00e9, \u00e7a me rend  songeur<\/span><\/em><\/strong><\/p>\n<p><strong><em><span style=\"font-family: Georgia; font-size: medium;\">son ventre, devenu une  matrice<\/span><\/em><\/strong><\/p>\n<p><strong><em><span style=\"font-family: Georgia; font-size: medium;\">je lui souhaite d&rsquo;\u00eatre  heureuse<\/span><\/em><\/strong><\/p>\n<p><strong><em><span style=\"font-family: Georgia; font-size: medium;\">un mois c&rsquo;est  bient\u00f4t<\/span><\/em><\/strong><\/p>\n<p><strong><em> <\/em><\/strong><\/p>\n<p><strong><em><span style=\"font-family: Georgia; font-size: medium;\">\u00e9gar\u00e9 dans la  garage<\/span><\/em><\/strong><\/p>\n<p><strong><em><span style=\"font-family: Georgia; font-size: medium;\">un gros lucane \u00e9puis\u00e9 s&rsquo;est  arr\u00eat\u00e9, d\u00e9finitivement<\/span><\/em><\/strong><\/p>\n<p><strong><em><span style=\"font-family: Georgia; font-size: medium;\">un autre, plus petit, \u00e0  l&rsquo;envers sur le trottoir<\/span><\/em><\/strong><\/p>\n<p><strong><em><span style=\"font-family: Georgia; font-size: medium;\">est mort  d\u00e9ss\u00e9ch\u00e9<\/span><\/em><\/strong><\/p>\n<p><strong><em> <\/em><\/strong><\/p>\n<p><strong><em> <\/em><\/strong><\/p>\n<p><strong><em><span style=\"font-family: Georgia; font-size: medium;\"> Patrice Bernard<\/span><\/em><\/strong><\/p>\n<p style=\"text-align: center;\">\n","protected":false},"excerpt":{"rendered":"<p>Le solstice d&rsquo;\u00e9t\u00e9 s&rsquo;approche, le visage de Jean-Charles Pichon se dessine avec pr\u00e9cision, j&rsquo;entends le son de sa voix. Jean-Charles nous a quitt\u00e9s le 21 juin 2006. Et comme pour souligner \u00e0 la fois son absence et son rayonnement, je &hellip; <a href=\"http:\/\/www.jeancharlespichon.com\/wp\/?p=301\">Continuer la lecture <span class=\"meta-nav\">&rarr;<\/span><\/a><\/p>\n","protected":false},"author":1,"featured_media":0,"comment_status":"open","ping_status":"open","sticky":false,"template":"","format":"standard","meta":{"footnotes":""},"categories":[20],"tags":[],"class_list":["post-301","post","type-post","status-publish","format-standard","hentry","category-hommages"],"_links":{"self":[{"href":"http:\/\/www.jeancharlespichon.com\/wp\/index.php?rest_route=\/wp\/v2\/posts\/301","targetHints":{"allow":["GET"]}}],"collection":[{"href":"http:\/\/www.jeancharlespichon.com\/wp\/index.php?rest_route=\/wp\/v2\/posts"}],"about":[{"href":"http:\/\/www.jeancharlespichon.com\/wp\/index.php?rest_route=\/wp\/v2\/types\/post"}],"author":[{"embeddable":true,"href":"http:\/\/www.jeancharlespichon.com\/wp\/index.php?rest_route=\/wp\/v2\/users\/1"}],"replies":[{"embeddable":true,"href":"http:\/\/www.jeancharlespichon.com\/wp\/index.php?rest_route=%2Fwp%2Fv2%2Fcomments&post=301"}],"version-history":[{"count":4,"href":"http:\/\/www.jeancharlespichon.com\/wp\/index.php?rest_route=\/wp\/v2\/posts\/301\/revisions"}],"predecessor-version":[{"id":305,"href":"http:\/\/www.jeancharlespichon.com\/wp\/index.php?rest_route=\/wp\/v2\/posts\/301\/revisions\/305"}],"wp:attachment":[{"href":"http:\/\/www.jeancharlespichon.com\/wp\/index.php?rest_route=%2Fwp%2Fv2%2Fmedia&parent=301"}],"wp:term":[{"taxonomy":"category","embeddable":true,"href":"http:\/\/www.jeancharlespichon.com\/wp\/index.php?rest_route=%2Fwp%2Fv2%2Fcategories&post=301"},{"taxonomy":"post_tag","embeddable":true,"href":"http:\/\/www.jeancharlespichon.com\/wp\/index.php?rest_route=%2Fwp%2Fv2%2Ftags&post=301"}],"curies":[{"name":"wp","href":"https:\/\/api.w.org\/{rel}","templated":true}]}}